{"id":17948,"date":"2016-12-06T12:24:52","date_gmt":"2016-12-06T17:24:52","guid":{"rendered":"http:\/\/www.revistazetta.com\/?p=17948"},"modified":"2016-12-06T12:24:52","modified_gmt":"2016-12-06T17:24:52","slug":"desarrollo-economico-posconflicto-tema-del-foro-100-anos-la-camcartagena","status":"publish","type":"post","link":"https:\/\/revistazetta.com\/?p=17948","title":{"rendered":"Desarrollo econ\u00f3mico en el posconflicto, tema del Foro 100 a\u00f1os de la CamCartagena"},"content":{"rendered":"<p>Con una nutrida agenda y la participaci\u00f3n del sector privado y p\u00fablico, la C\u00e1mara de Comercio de Cartagena espera desarrollar el foro: \u201cConstrucci\u00f3n colectiva de un patrimonio de la humanidad. Desarrollo productivo para consolidar el posconflicto en Bol\u00edvar\u201d.<\/p>\n<p>El evento que se realizar\u00e1 en el Centro de Convenciones Julio Cesar Turbay Ayala contar\u00e1 con la participaci\u00f3n de expertos que aportar\u00e1n experiencias, conocimientos y reflexiones para seguir apostando al crecimiento y desarrollo de nuestra ciudad. <\/p>\n<p>Entre estos se destacan: el cartagenero Mauricio Herrera, quien es especialista en manejo de recursos h\u00eddricos; Jorge Panqueva, docente investigador de la Universidad de Santander, experto en procesos de protecci\u00f3n contra la corrosi\u00f3n, e Isabel Gil, mexicana especialista en industrias creativas.<\/p>\n<p>La Presidenta Ejecutiva de la C\u00e1mara de Comercio de Cartagena,  Mar\u00eda Claudia P\u00e1ez Mallarino, asegura que lo que se busca con este tipo de iniciativas es abrir nuevos espacios para el encuentro de los ciudadanos con el objetivo de seguir construyendo un patrimonio de la humanidad y dar a conocer los proyectos definidos en el proceso de participaci\u00f3n que se llev\u00f3 a cabo durante el presente a\u00f1o. As\u00ed mismo, aprovechar la oportunidad de contar con una agenda acad\u00e9mica de lujo y expositores de calidad, para tener nuevas miradas y enfoques sobre el desarrollo de la Regi\u00f3n Caribe colombiana, y escuchar recomendaciones sobre c\u00f3mo afrontar los cuellos de botella que restringen la competitividad de la ciudad y el departamento.<\/p>\n<p>P\u00e1ez Mallarino enfatiz\u00f3 que el compromiso de la C\u00e1mara es aunar esfuerzos para generar crecimiento econ\u00f3mico equitativo de la mano del desarrollo social, a trav\u00e9s de la creaci\u00f3n de nuevas empresas innovadoras y de alto valor agregado, y del fortalecimiento e internacionalizaci\u00f3n de las ya existentes, para generar empleos dignos, de calidad y sin discriminaci\u00f3n alguna.<\/p>\n","protected":false},"excerpt":{"rendered":"<p>Con una nutrida agenda y la participaci\u00f3n del sector privado y p\u00fablico, la C\u00e1mara de Comercio de Cartagena espera desarrollar el foro: \u201cConstrucci\u00f3n colectiva de un patrimonio de la humanidad. Desarrollo productivo para consolidar el posconflicto en Bol\u00edvar\u201d. El evento que se realizar\u00e1 en el Centro de Convenciones Julio Cesar Turbay Ayala contar\u00e1 con la participaci\u00f3n de expertos que aportar\u00e1n experiencias, conocimientos y reflexiones para seguir apostando al crecimiento y desarrollo de nuestra ciudad. Entre estos se destacan: el cartagenero Mauricio Herrera, quien es especialista en manejo de recursos h\u00eddricos;&#8230; <\/p>\n","protected":false},"author":3,"featured_media":0,"comment_status":"open","ping_status":"closed","sticky":false,"template":"","format":"standard","meta":{"footnotes":"","_links_to":"","_links_to_target":""},"categories":[50],"tags":[],"class_list":["post-17948","post","type-post","status-publish","format-standard","hentry","category-empresa"],"_links":{"self":[{"href":"https:\/\/revistazetta.com\/index.php?rest_route=\/wp\/v2\/posts\/17948","targetHints":{"allow":["GET"]}}],"collection":[{"href":"https:\/\/revistazetta.com\/index.php?rest_route=\/wp\/v2\/posts"}],"about":[{"href":"https:\/\/revistazetta.com\/index.php?rest_route=\/wp\/v2\/types\/post"}],"author":[{"embeddable":true,"href":"https:\/\/revistazetta.com\/index.php?rest_route=\/wp\/v2\/users\/3"}],"replies":[{"embeddable":true,"href":"https:\/\/revistazetta.com\/index.php?rest_route=%2Fwp%2Fv2%2Fcomments&post=17948"}],"version-history":[{"count":0,"href":"https:\/\/revistazetta.com\/index.php?rest_route=\/wp\/v2\/posts\/17948\/revisions"}],"wp:attachment":[{"href":"https:\/\/revistazetta.com\/index.php?rest_route=%2Fwp%2Fv2%2Fmedia&parent=17948"}],"wp:term":[{"taxonomy":"category","embeddable":true,"href":"https:\/\/revistazetta.com\/index.php?rest_route=%2Fwp%2Fv2%2Fcategories&post=17948"},{"taxonomy":"post_tag","embeddable":true,"href":"https:\/\/revistazetta.com\/index.php?rest_route=%2Fwp%2Fv2%2Ftags&post=17948"}],"curies":[{"name":"wp","href":"https:\/\/api.w.org\/{rel}","templated":true}]}}