{"id":17983,"date":"2016-12-07T16:56:25","date_gmt":"2016-12-07T21:56:25","guid":{"rendered":"http:\/\/www.revistazetta.com\/?p=17983"},"modified":"2016-12-07T16:56:25","modified_gmt":"2016-12-07T21:56:25","slug":"rector-bolivar-se-destaca-nivel-internacional-mexico-cuba","status":"publish","type":"post","link":"https:\/\/revistazetta.com\/?p=17983","title":{"rendered":"Rector de Bol\u00edvar se destaca a nivel internacional en M\u00e9xico y Cuba"},"content":{"rendered":"<p>Una vez m\u00e1s, el rector de la Instituci\u00f3n Educativa T\u00e9cnica Alfonso L\u00f3pez Pumarejo, del municipio de Turbaco, Geovani Cogollo Moreno,  ha sido seleccionado por tercer a\u00f1o consecutivo como ponente internacional, dejando en alto el nombre de la educaci\u00f3n del \u201cBol\u00edvar S\u00ed Avanza\u201d que lidera el gobernador Dumek Turbay Paz, al  participar como conferencista en el Simposio Internacional de Educaci\u00f3n y  Pedagog\u00eda para la Paz, la Justicia y la Solidaridad, realizado en ciudad de M\u00e9xico, por la  Universidad de la Salle.  <\/p>\n<p>El trabajo investigativo fue escogido por un grupo de  jurados expertos que componen el Comit\u00e9 Acad\u00e9mico de la Red Iberoamericana de Pedagog\u00eda, superando con \u00e9xito una convocatoria abierta que recibi\u00f3 diversos trabajos de toda la comunidad pedag\u00f3gica internacional.<\/p>\n<p>Geovani Cogollo Moreno, subray\u00f3  que su ponencia investigativa \u201cEl Papel del docente de Iberoamerica en Educaci\u00f3n Secundaria y Media como gestor frente a los retos del Siglo XXI\u201d fue ubicada en la sala de Innovaciones en Educaci\u00f3n, por su tem\u00e1tica transformadora de proyecci\u00f3n para la pedagog\u00eda de Iberoam\u00e9rica y recibi\u00f3 adem\u00e1s muy buenos elogios y felicitaciones por la calidad del trabajo presentado.<\/p>\n<p>Para el educador no cabe duda, que el docente de educaci\u00f3n secundaria y media de Iberoam\u00e9rica, debe incorporar a su pr\u00e1ctica pedag\u00f3gica y educativa elementos de acci\u00f3n, construcci\u00f3n, pero ante todo de gesti\u00f3n, que posibiliten en los estudiantes, un verdadero cambio desde el aprender a conocer, el aprender a vivir juntos, el aprender a hacer, el aprender a ser y el aprender a aprender; promoviendo individuos \u00edntegros y comprometidos con el tejido social.<\/p>\n<p>En su conferencia: \u201cEl papel del docente de Educaci\u00f3n Secundaria y Media como gestor frente a los retos del siglo XXI\u201d el catedr\u00e1tico, reconoce indudablemente que a pesar del devenir progresivo de la globalizaci\u00f3n, los des\u00f3rdenes econ\u00f3micos mundiales, los problemas de desarrollo sostenible, la revoluci\u00f3n tecnol\u00f3gica, pero ante todo, la constante crisis de valores y de conciencia frente a lo educativo, existe un gran desaf\u00edo para la educaci\u00f3n y en forma m\u00e1s precisa el papel del docente aparece como el factor  alternativo de liderazgo y gesti\u00f3n frente a los retos del siglo XXI.<\/p>\n<p>\u201cPara m\u00ed es un honor poder representar a todos los docentes del departamento de  Bol\u00edvar y dar a conocer los avances investigativos que hemos adelantado ante la comunidad internacional, esto es otra prueba de que los maestros de Bol\u00edvar tenemos muchos elementos positivos que aportar, para avanzar a la educaci\u00f3n de calidad que todos queremos\u201d, precis\u00f3  Geovani Cogollo Moreno rector de la Instituci\u00f3n Educativa T\u00e9cnica Alfonso L\u00f3pez Pumarejo del Municipio de Turbaco.<\/p>\n<p><strong>Cuba, su pr\u00f3ximo destino<\/strong><br \/>\nDe igual manera Cogollo Moreno recibi\u00f3 con satisfacci\u00f3n, la notificaci\u00f3n del Ministerio de Educaci\u00f3n de la Rep\u00fablica de Cuba, donde con otro de sus trabajos ha sido invitado al Congreso Internacional de Pedagog\u00eda en la Habana. <\/p>\n<p>\u201cEstos espacios  de reflexi\u00f3n y construcci\u00f3n pedag\u00f3gica,  son de importancia y dignificaci\u00f3n para la noble labor que desempe\u00f1an nuestros acad\u00e9micos en las aulas de clase en el departamento, la idea es que nuestros docentes sigan mejorando sus experiencias significativas e investigativas, para que \u201cBol\u00edvar siga Avanzando\u201d hacia una verdadera educaci\u00f3n de calidad, para todos y todas\u201d, indic\u00f3 Manuel Antonio Azuero Angulo, secretario de Educaci\u00f3n de Bol\u00edvar.<\/p>\n","protected":false},"excerpt":{"rendered":"<p>Una vez m\u00e1s, el rector de la Instituci\u00f3n Educativa T\u00e9cnica Alfonso L\u00f3pez Pumarejo, del municipio de Turbaco, Geovani Cogollo Moreno, ha sido seleccionado por tercer a\u00f1o consecutivo como ponente internacional, dejando en alto el nombre de la educaci\u00f3n del \u201cBol\u00edvar S\u00ed Avanza\u201d que lidera el gobernador Dumek Turbay Paz, al participar como conferencista en el Simposio Internacional de Educaci\u00f3n y Pedagog\u00eda para la Paz, la Justicia y la Solidaridad, realizado en ciudad de M\u00e9xico, por la Universidad de la Salle. El trabajo investigativo fue escogido por un grupo de jurados&#8230; <\/p>\n","protected":false},"author":3,"featured_media":17984,"comment_status":"open","ping_status":"closed","sticky":false,"template":"","format":"standard","meta":{"footnotes":"","_links_to":"","_links_to_target":""},"categories":[33],"tags":[],"class_list":["post-17983","post","type-post","status-publish","format-standard","has-post-thumbnail","hentry","category-actualidad-bolivar"],"_links":{"self":[{"href":"https:\/\/revistazetta.com\/index.php?rest_route=\/wp\/v2\/posts\/17983","targetHints":{"allow":["GET"]}}],"collection":[{"href":"https:\/\/revistazetta.com\/index.php?rest_route=\/wp\/v2\/posts"}],"about":[{"href":"https:\/\/revistazetta.com\/index.php?rest_route=\/wp\/v2\/types\/post"}],"author":[{"embeddable":true,"href":"https:\/\/revistazetta.com\/index.php?rest_route=\/wp\/v2\/users\/3"}],"replies":[{"embeddable":true,"href":"https:\/\/revistazetta.com\/index.php?rest_route=%2Fwp%2Fv2%2Fcomments&post=17983"}],"version-history":[{"count":0,"href":"https:\/\/revistazetta.com\/index.php?rest_route=\/wp\/v2\/posts\/17983\/revisions"}],"wp:featuredmedia":[{"embeddable":true,"href":"https:\/\/revistazetta.com\/index.php?rest_route=\/wp\/v2\/media\/17984"}],"wp:attachment":[{"href":"https:\/\/revistazetta.com\/index.php?rest_route=%2Fwp%2Fv2%2Fmedia&parent=17983"}],"wp:term":[{"taxonomy":"category","embeddable":true,"href":"https:\/\/revistazetta.com\/index.php?rest_route=%2Fwp%2Fv2%2Fcategories&post=17983"},{"taxonomy":"post_tag","embeddable":true,"href":"https:\/\/revistazetta.com\/index.php?rest_route=%2Fwp%2Fv2%2Ftags&post=17983"}],"curies":[{"name":"wp","href":"https:\/\/api.w.org\/{rel}","templated":true}]}}