{"id":17989,"date":"2016-12-08T22:55:56","date_gmt":"2016-12-09T03:55:56","guid":{"rendered":"http:\/\/www.revistazetta.com\/?p=17989"},"modified":"2016-12-08T22:55:56","modified_gmt":"2016-12-09T03:55:56","slug":"asamblea-bolivar-rendira-cuentas-gestion-proximo-12-diciembre","status":"publish","type":"post","link":"https:\/\/revistazetta.com\/?p=17989","title":{"rendered":"Asamblea de Bol\u00edvar rendir\u00e1 cuentas de su gesti\u00f3n el pr\u00f3ximo 12 de diciembre"},"content":{"rendered":"<p>El pr\u00f3ximo lunes 12 de diciembre la Asamblea Departamental de Bol\u00edvar llevar\u00e1 a cabo la rendici\u00f3n p\u00fablica de cuentas 2016. En el evento que se realizar\u00e1 mediante audiencia p\u00fablica, la comunidad bolivarense podr\u00e1 escuchar de parte de la corporaci\u00f3n la gesti\u00f3n realizada por parte de los diputados y sus bancadas durante la actual vigencia, adem\u00e1s de los procesos administrativos, financieros y jur\u00eddicos manejados al interior de la misma.<\/p>\n<p>De la misma forma a trav\u00e9s de la p\u00e1gina web de la corporaci\u00f3n www.asambleadebolivar.gov.co, se podr\u00e1 consultar el informe de gesti\u00f3n administrativa y financiera. <\/p>\n<p>Por otra parte la corporaci\u00f3n estar\u00e1 recibiendo preguntas e inquietudes de la comunidad bolivarense, a trav\u00e9s del correo electr\u00f3nico asambleadepartamentaldebolivar@gmail.com.<\/p>\n<p>La cita ser\u00e1 en la Casa de la moneda (Sede de Gobierno), ubicada en el centro, calle de la moneda a partir de las 9:00 a.m. <\/p>\n","protected":false},"excerpt":{"rendered":"<p>El pr\u00f3ximo lunes 12 de diciembre la Asamblea Departamental de Bol\u00edvar llevar\u00e1 a cabo la rendici\u00f3n p\u00fablica de cuentas 2016. En el evento que se realizar\u00e1 mediante audiencia p\u00fablica, la comunidad bolivarense podr\u00e1 escuchar de parte de la corporaci\u00f3n la gesti\u00f3n realizada por parte de los diputados y sus bancadas durante la actual vigencia, adem\u00e1s de los procesos administrativos, financieros y jur\u00eddicos manejados al interior de la misma. De la misma forma a trav\u00e9s de la p\u00e1gina web de la corporaci\u00f3n www.asambleadebolivar.gov.co, se podr\u00e1 consultar el informe de gesti\u00f3n administrativa&#8230; <\/p>\n","protected":false},"author":3,"featured_media":17990,"comment_status":"open","ping_status":"closed","sticky":false,"template":"","format":"standard","meta":{"footnotes":"","_links_to":"","_links_to_target":""},"categories":[28],"tags":[],"class_list":["post-17989","post","type-post","status-publish","format-standard","has-post-thumbnail","hentry","category-politica-asamblea"],"_links":{"self":[{"href":"https:\/\/revistazetta.com\/index.php?rest_route=\/wp\/v2\/posts\/17989","targetHints":{"allow":["GET"]}}],"collection":[{"href":"https:\/\/revistazetta.com\/index.php?rest_route=\/wp\/v2\/posts"}],"about":[{"href":"https:\/\/revistazetta.com\/index.php?rest_route=\/wp\/v2\/types\/post"}],"author":[{"embeddable":true,"href":"https:\/\/revistazetta.com\/index.php?rest_route=\/wp\/v2\/users\/3"}],"replies":[{"embeddable":true,"href":"https:\/\/revistazetta.com\/index.php?rest_route=%2Fwp%2Fv2%2Fcomments&post=17989"}],"version-history":[{"count":0,"href":"https:\/\/revistazetta.com\/index.php?rest_route=\/wp\/v2\/posts\/17989\/revisions"}],"wp:featuredmedia":[{"embeddable":true,"href":"https:\/\/revistazetta.com\/index.php?rest_route=\/wp\/v2\/media\/17990"}],"wp:attachment":[{"href":"https:\/\/revistazetta.com\/index.php?rest_route=%2Fwp%2Fv2%2Fmedia&parent=17989"}],"wp:term":[{"taxonomy":"category","embeddable":true,"href":"https:\/\/revistazetta.com\/index.php?rest_route=%2Fwp%2Fv2%2Fcategories&post=17989"},{"taxonomy":"post_tag","embeddable":true,"href":"https:\/\/revistazetta.com\/index.php?rest_route=%2Fwp%2Fv2%2Ftags&post=17989"}],"curies":[{"name":"wp","href":"https:\/\/api.w.org\/{rel}","templated":true}]}}