{"id":17993,"date":"2016-12-09T13:59:13","date_gmt":"2016-12-09T18:59:13","guid":{"rendered":"http:\/\/www.revistazetta.com\/?p=17993"},"modified":"2016-12-09T13:59:13","modified_gmt":"2016-12-09T18:59:13","slug":"reconocimiento-operacion-transcaribe","status":"publish","type":"post","link":"https:\/\/revistazetta.com\/?p=17993","title":{"rendered":"Reconocimiento a operaci\u00f3n de Transcaribe"},"content":{"rendered":"<p>Henrik Henriksson,  presidente de Scania, empresa reconocida por su liderazgo a nivel mundial en la fabricaci\u00f3n, con tecnolog\u00eda de punta, de estructuras para buses de los sistemas masivos de transporte, vino a Cartagena para hacer un reconocimiento a la ciudad por la exitosa ejecuci\u00f3n de las primeras etapas de operaci\u00f3n de Transcaribe.<\/p>\n<p>Henriksson dijo que a pa\u00edses de Europa, \u00c1frica y Medio Oriente llevar\u00e1n el modelo de Transcaribe por los resultados que este ha dado y la forma c\u00f3mo le ha cambiado la vida a los cartageneros. Asegur\u00f3 que el proceso del sistema en Cartagena es ejemplar en el mundo.<\/p>\n<p>Destac\u00f3 que est\u00e1n admirados por los avances y aciertos ejecutados en el inicio de la etapa de comercializaci\u00f3n, trazados y cubrimientos de rutas.<\/p>\n<p>Los altos directivos de Scania entregaron al alcalde Manuel  Vicente Duque una placa en la que consignan su  admiraci\u00f3n por el proceso que se desarrolla en esta ciudad y adem\u00e1s se llevaron informaci\u00f3n y material audiovisual para socializar en distintos pa\u00edses del mundo.<\/p>\n<p><img loading=\"lazy\" decoding=\"async\" src=\"https:\/\/www.revistazetta.com\/wp-content\/uploads\/2016\/12\/transcaribe00-300x188.jpg\" alt=\"transcaribe00\" width=\"300\" height=\"188\" class=\"alignright size-medium wp-image-17995\" srcset=\"https:\/\/revistazetta.com\/wp-content\/uploads\/2016\/12\/transcaribe00-300x188.jpg 300w, https:\/\/revistazetta.com\/wp-content\/uploads\/2016\/12\/transcaribe00-1024x640.jpg 1024w, https:\/\/revistazetta.com\/wp-content\/uploads\/2016\/12\/transcaribe00-234x146.jpg 234w, https:\/\/revistazetta.com\/wp-content\/uploads\/2016\/12\/transcaribe00-50x31.jpg 50w, https:\/\/revistazetta.com\/wp-content\/uploads\/2016\/12\/transcaribe00-120x75.jpg 120w, https:\/\/revistazetta.com\/wp-content\/uploads\/2016\/12\/transcaribe00.jpg 1187w\" sizes=\"auto, (max-width: 300px) 100vw, 300px\" \/><br \/>\nDuque se mostr\u00f3 complacido por este reconocimiento internacional y dijo que su Administraci\u00f3n seguir\u00e1 dando todo el apoyo para que Transcaribe cada vez m\u00e1s movilice con eficiencia y eficacia a los cartageneros y visitantes, y contribuya a mejorar su calidad de vida.<\/p>\n<p>Agreg\u00f3 que es la primera vez que un presidente de esta compa\u00f1\u00eda, que tiene presencia en m\u00e1s de 50 pa\u00edses, llega a la ciudad a destacar el trabajo que se est\u00e1 haciendo en temas de movilidad con sistemas de transporte masivo.<\/p>\n<p>Actualmente el recaudo semana de este sistema de transporte es de de $900 millones (novecientos millones de pesos) movilizando a m\u00e1s de 500.000 (quinientos mil) pasajeros semanalmente.<\/p>\n<p>El alcalde tambi\u00e9n resalt\u00f3 resalt\u00f3 el comportamiento de los cartageneros en el uso del sistema y especialmente \u201csu sentido de pertenencia con Transcaribe\u201d. Dijo que son los mismos usuarios los que defienden el sistema.<\/p>\n","protected":false},"excerpt":{"rendered":"<p>Henrik Henriksson, presidente de Scania, empresa reconocida por su liderazgo a nivel mundial en la fabricaci\u00f3n, con tecnolog\u00eda de punta, de estructuras para buses de los sistemas masivos de transporte, vino a Cartagena para hacer un reconocimiento a la ciudad por la exitosa ejecuci\u00f3n de las primeras etapas de operaci\u00f3n de Transcaribe. Henriksson dijo que a pa\u00edses de Europa, \u00c1frica y Medio Oriente llevar\u00e1n el modelo de Transcaribe por los resultados que este ha dado y la forma c\u00f3mo le ha cambiado la vida a los cartageneros. Asegur\u00f3 que el&#8230; <\/p>\n","protected":false},"author":3,"featured_media":17995,"comment_status":"open","ping_status":"closed","sticky":false,"template":"","format":"standard","meta":{"footnotes":"","_links_to":"","_links_to_target":""},"categories":[87,75],"tags":[],"class_list":["post-17993","post","type-post","status-publish","format-standard","has-post-thumbnail","hentry","category-movilidad","category-destacada"],"_links":{"self":[{"href":"https:\/\/revistazetta.com\/index.php?rest_route=\/wp\/v2\/posts\/17993","targetHints":{"allow":["GET"]}}],"collection":[{"href":"https:\/\/revistazetta.com\/index.php?rest_route=\/wp\/v2\/posts"}],"about":[{"href":"https:\/\/revistazetta.com\/index.php?rest_route=\/wp\/v2\/types\/post"}],"author":[{"embeddable":true,"href":"https:\/\/revistazetta.com\/index.php?rest_route=\/wp\/v2\/users\/3"}],"replies":[{"embeddable":true,"href":"https:\/\/revistazetta.com\/index.php?rest_route=%2Fwp%2Fv2%2Fcomments&post=17993"}],"version-history":[{"count":0,"href":"https:\/\/revistazetta.com\/index.php?rest_route=\/wp\/v2\/posts\/17993\/revisions"}],"wp:featuredmedia":[{"embeddable":true,"href":"https:\/\/revistazetta.com\/index.php?rest_route=\/wp\/v2\/media\/17995"}],"wp:attachment":[{"href":"https:\/\/revistazetta.com\/index.php?rest_route=%2Fwp%2Fv2%2Fmedia&parent=17993"}],"wp:term":[{"taxonomy":"category","embeddable":true,"href":"https:\/\/revistazetta.com\/index.php?rest_route=%2Fwp%2Fv2%2Fcategories&post=17993"},{"taxonomy":"post_tag","embeddable":true,"href":"https:\/\/revistazetta.com\/index.php?rest_route=%2Fwp%2Fv2%2Ftags&post=17993"}],"curies":[{"name":"wp","href":"https:\/\/api.w.org\/{rel}","templated":true}]}}