{"id":17996,"date":"2016-12-09T14:03:46","date_gmt":"2016-12-09T19:03:46","guid":{"rendered":"http:\/\/www.revistazetta.com\/?p=17996"},"modified":"2016-12-09T14:03:46","modified_gmt":"2016-12-09T19:03:46","slug":"ampliacion-la-licencia-maternidad-beneficiosa-fundamental","status":"publish","type":"post","link":"https:\/\/revistazetta.com\/?p=17996","title":{"rendered":"\u00abAmpliaci\u00f3n de la licencia de maternidad es beneficiosa y fundamental\u201d"},"content":{"rendered":"<p>La gerencia de la ESE Cl\u00ednica de Maternidad Rafael Calvo en cabeza del Dr. Jorge Quintero Bula, celebr\u00f3 la decisi\u00f3n del Congreso de la Rep\u00fablica de aprobar el proyecto de ley que aumenta de 14 a 18 semanas la licencia de maternidad en Colombia. <\/p>\n<p>EL gerente de la Maternidad, sostuvo que la medida es beneficiosa tanto para la madre como para el reci\u00e9n nacido, siempre y cuando ese tiempo lo utilice la madre para estar con su hijo y no lo tome como unas vacaciones.<\/p>\n<p>Quintero Bula, recalc\u00f3 que en la Maternidad Rafael Calvo se fomenta de manera constante la lactancia materna y se les inculca a las mujeres la importancia de amamantar a sus hijos durante los primeros seis (6) meses de vida exclusivamente con leche materna.<\/p>\n<p>Por otro lado, la Coordinadora del Banco de Leche Humana \u2013BLH-, Ana Yepes, se declar\u00f3 igualmente complacida con esta iniciativa, porque permitir\u00e1 que las madres compartan m\u00e1s tiempo con sus hijos durante los primeros seis meses de vida de ellos, los cuales son fundamentales para la alimentaci\u00f3n, el apego y el v\u00ednculo afectivo. Adem\u00e1s explic\u00f3 que en buena hora se tom\u00f3 esa determinaci\u00f3n ya que en el pa\u00eds se ha venido luchando desde hace 25 a\u00f1os, para aumentar el periodo de licencia  materna.<\/p>\n<p>As\u00ed mismo la Doctora Yepes, a\u00f1adi\u00f3 que el acompa\u00f1amiento que hace la madre, tanto f\u00edsico como afectivo, tiene resultados impresionantes en la salud y desarrollo mental de los ni\u00f1os, ya que ayuda a que ellos se enfermen menos, crezcan como individuos mentalmente m\u00e1s sanos, lo cual contribuye a mejorar su calidad de vida. Finalmente record\u00f3 que una de las principales recomendaciones de la Organizaci\u00f3n Mundial de la Salud \u2013OMS-, es que los ni\u00f1os deben ser amamantados exclusivamente con leche materna los primeros seis meses de vida y despu\u00e9s de ese periodo, se le brinde una alimentaci\u00f3n complementaria hasta los dos a\u00f1os.<\/p>\n","protected":false},"excerpt":{"rendered":"<p>La gerencia de la ESE Cl\u00ednica de Maternidad Rafael Calvo en cabeza del Dr. Jorge Quintero Bula, celebr\u00f3 la decisi\u00f3n del Congreso de la Rep\u00fablica de aprobar el proyecto de ley que aumenta de 14 a 18 semanas la licencia de maternidad en Colombia. EL gerente de la Maternidad, sostuvo que la medida es beneficiosa tanto para la madre como para el reci\u00e9n nacido, siempre y cuando ese tiempo lo utilice la madre para estar con su hijo y no lo tome como unas vacaciones. Quintero Bula, recalc\u00f3 que en&#8230; <\/p>\n","protected":false},"author":3,"featured_media":0,"comment_status":"open","ping_status":"closed","sticky":false,"template":"","format":"standard","meta":{"footnotes":"","_links_to":"","_links_to_target":""},"categories":[32],"tags":[],"class_list":["post-17996","post","type-post","status-publish","format-standard","hentry","category-actualidad-distrito"],"_links":{"self":[{"href":"https:\/\/revistazetta.com\/index.php?rest_route=\/wp\/v2\/posts\/17996","targetHints":{"allow":["GET"]}}],"collection":[{"href":"https:\/\/revistazetta.com\/index.php?rest_route=\/wp\/v2\/posts"}],"about":[{"href":"https:\/\/revistazetta.com\/index.php?rest_route=\/wp\/v2\/types\/post"}],"author":[{"embeddable":true,"href":"https:\/\/revistazetta.com\/index.php?rest_route=\/wp\/v2\/users\/3"}],"replies":[{"embeddable":true,"href":"https:\/\/revistazetta.com\/index.php?rest_route=%2Fwp%2Fv2%2Fcomments&post=17996"}],"version-history":[{"count":0,"href":"https:\/\/revistazetta.com\/index.php?rest_route=\/wp\/v2\/posts\/17996\/revisions"}],"wp:attachment":[{"href":"https:\/\/revistazetta.com\/index.php?rest_route=%2Fwp%2Fv2%2Fmedia&parent=17996"}],"wp:term":[{"taxonomy":"category","embeddable":true,"href":"https:\/\/revistazetta.com\/index.php?rest_route=%2Fwp%2Fv2%2Fcategories&post=17996"},{"taxonomy":"post_tag","embeddable":true,"href":"https:\/\/revistazetta.com\/index.php?rest_route=%2Fwp%2Fv2%2Ftags&post=17996"}],"curies":[{"name":"wp","href":"https:\/\/api.w.org\/{rel}","templated":true}]}}