{"id":18001,"date":"2016-12-10T08:05:13","date_gmt":"2016-12-10T13:05:13","guid":{"rendered":"http:\/\/www.revistazetta.com\/?p=18001"},"modified":"2016-12-10T08:05:13","modified_gmt":"2016-12-10T13:05:13","slug":"la-lucha-frontal-la-corrupcion-fiscal-general","status":"publish","type":"post","link":"https:\/\/revistazetta.com\/?p=18001","title":{"rendered":"\u201cEs la lucha frontal contra la corrupci\u00f3n\u201d: Fiscal General"},"content":{"rendered":"<p>Las capturas del concejal Jorge Useche Correa y de familiares del concejal Am\u00e9rico Mendoza fueron enmarcadas por la Fiscal\u00eda General de la Naci\u00f3n en laq conmemoraci\u00f3n del D\u00eda Internacional Contra la Corrupci\u00f3n.<\/p>\n<p>El propio Fiscal General, N\u00e9stor Humberto Mart\u00ednez, vino a Cartagena a presentar los resultados de estos operativos, as\u00ed como de otras acciones desplegadas en C\u00f3rdoba y Cundinamarca.<\/p>\n<p>\u201cEn la lucha frontal contra la corrupci\u00f3n la Fiscal\u00eda General de la Naci\u00f3n puso al descubierto indignantes casos en los que funcionarios p\u00fablicos y particulares se habr\u00edan confabulado para defraudar recursos destinados a la alimentaci\u00f3n de los ni\u00f1os, el sector de la salud, la educaci\u00f3n y obras p\u00fablicas\u201d, indic\u00f3 la entidad.<\/p>\n<p>Mart\u00ednez Neira recalc\u00f3 que \u201cenfrentar este flagelo debe constituir una prioridad dentro de las pol\u00edticas p\u00fablicas\u201d.<\/p>\n<p>El funcionario judicial dijo que la Fiscal\u00eda no tendr\u00e1 ninguna consideraci\u00f3n ni distingo, y que se seguir\u00e1n dando resultados.<\/p>\n<p>En el caso de la investigaci\u00f3n por denuncias en las elecciones de octubre de 2015, dijo que se adelantan 25 investigaciones y que se seguir\u00e1n presentando capturas, pero se abstuvo de dar detalles para no comprometer las investigaciones.<\/p>\n<p>A la pregunta sobre m\u00e1s concejales o diputados, o candidatos a Concejo o Asamblea implicados en estas investigaciones, Mart\u00ednez Neira no entreg\u00f3 detalles.<\/p>\n","protected":false},"excerpt":{"rendered":"<p>Las capturas del concejal Jorge Useche Correa y de familiares del concejal Am\u00e9rico Mendoza fueron enmarcadas por la Fiscal\u00eda General de la Naci\u00f3n en laq conmemoraci\u00f3n del D\u00eda Internacional Contra la Corrupci\u00f3n. El propio Fiscal General, N\u00e9stor Humberto Mart\u00ednez, vino a Cartagena a presentar los resultados de estos operativos, as\u00ed como de otras acciones desplegadas en C\u00f3rdoba y Cundinamarca. \u201cEn la lucha frontal contra la corrupci\u00f3n la Fiscal\u00eda General de la Naci\u00f3n puso al descubierto indignantes casos en los que funcionarios p\u00fablicos y particulares se habr\u00edan confabulado para defraudar recursos&#8230; <\/p>\n","protected":false},"author":3,"featured_media":18000,"comment_status":"open","ping_status":"closed","sticky":false,"template":"","format":"standard","meta":{"footnotes":"","_links_to":"","_links_to_target":""},"categories":[2,75],"tags":[],"class_list":["post-18001","post","type-post","status-publish","format-standard","has-post-thumbnail","hentry","category-actualidad","category-destacada"],"_links":{"self":[{"href":"https:\/\/revistazetta.com\/index.php?rest_route=\/wp\/v2\/posts\/18001","targetHints":{"allow":["GET"]}}],"collection":[{"href":"https:\/\/revistazetta.com\/index.php?rest_route=\/wp\/v2\/posts"}],"about":[{"href":"https:\/\/revistazetta.com\/index.php?rest_route=\/wp\/v2\/types\/post"}],"author":[{"embeddable":true,"href":"https:\/\/revistazetta.com\/index.php?rest_route=\/wp\/v2\/users\/3"}],"replies":[{"embeddable":true,"href":"https:\/\/revistazetta.com\/index.php?rest_route=%2Fwp%2Fv2%2Fcomments&post=18001"}],"version-history":[{"count":0,"href":"https:\/\/revistazetta.com\/index.php?rest_route=\/wp\/v2\/posts\/18001\/revisions"}],"wp:featuredmedia":[{"embeddable":true,"href":"https:\/\/revistazetta.com\/index.php?rest_route=\/wp\/v2\/media\/18000"}],"wp:attachment":[{"href":"https:\/\/revistazetta.com\/index.php?rest_route=%2Fwp%2Fv2%2Fmedia&parent=18001"}],"wp:term":[{"taxonomy":"category","embeddable":true,"href":"https:\/\/revistazetta.com\/index.php?rest_route=%2Fwp%2Fv2%2Fcategories&post=18001"},{"taxonomy":"post_tag","embeddable":true,"href":"https:\/\/revistazetta.com\/index.php?rest_route=%2Fwp%2Fv2%2Ftags&post=18001"}],"curies":[{"name":"wp","href":"https:\/\/api.w.org\/{rel}","templated":true}]}}