{"id":18002,"date":"2016-12-10T08:06:34","date_gmt":"2016-12-10T13:06:34","guid":{"rendered":"http:\/\/www.revistazetta.com\/?p=18002"},"modified":"2016-12-10T09:03:23","modified_gmt":"2016-12-10T14:03:23","slug":"concejales-presenciaron-la-captura-colega-jorge-useche","status":"publish","type":"post","link":"https:\/\/revistazetta.com\/?p=18002","title":{"rendered":"Concejales presenciaron la captura de su colega Jorge Useche"},"content":{"rendered":"<p>Los concejales de Cartagena apenas hab\u00edan aprobado el orden del d\u00eda cuando se decret\u00f3 un receso para analizar el estado de varios proyectos de acuerdo. Uno a uno fueron pasando a la sala de juntas, ubicada detr\u00e1s del sal\u00f3n de sesiones. Cuando estaban despejando apenas el primero de ellos, el guarda policial asignado al Concejo toc\u00f3 la puerta y les dijo que cuatro agentes del CTI ten\u00edan que comunicarle algo al concejal Jorge Useche Correa.<\/p>\n<p>El presidente del Concejo, Javier Curi, les ofreci\u00f3 la oficina de la Presidencia para que dialogaran con Useche. All\u00ed le comunicaron el prop\u00f3sito de la diligencia y lo capturaron. Del otro lado del vidrio, los dem\u00e1s concejales contemplaban estupefactos e impotentes lo que le ocurr\u00eda al colega.<\/p>\n<p>Los hombres del CTI fueron siempre amables y respetuosos y preguntaron por la puerta de salida que da hacia la calle Larga, para llevarse al capturado sin mayor protagonismo.<\/p>\n<p>Tras la captura de Useche, los concejales no sab\u00edan qu\u00e9 decir o qu\u00e9 hacer. Poco a poco fueron saliendo del shock, haciendo comentarios y tratando de retomar el orden de las cosas. Tardaron m\u00e1s de una hora en volver al recinto para continuar el orden del d\u00eda, que contemplaba la posesi\u00f3n de la nueva Mesa Directiva. Apenas concluy\u00f3 ese acto, la sesi\u00f3n se levant\u00f3 y todos salieron. Ninguno habl\u00f3 con la prensa.<\/p>\n","protected":false},"excerpt":{"rendered":"<p>Los concejales de Cartagena apenas hab\u00edan aprobado el orden del d\u00eda cuando se decret\u00f3 un receso para analizar el estado de varios proyectos de acuerdo. Uno a uno fueron pasando a la sala de juntas, ubicada detr\u00e1s del sal\u00f3n de sesiones. Cuando estaban despejando apenas el primero de ellos, el guarda policial asignado al Concejo toc\u00f3 la puerta y les dijo que cuatro agentes del CTI ten\u00edan que comunicarle algo al concejal Jorge Useche Correa. El presidente del Concejo, Javier Curi, les ofreci\u00f3 la oficina de la Presidencia para que&#8230; <\/p>\n","protected":false},"author":3,"featured_media":18005,"comment_status":"open","ping_status":"closed","sticky":false,"template":"","format":"standard","meta":{"footnotes":"","_links_to":"","_links_to_target":""},"categories":[75,27,4],"tags":[],"class_list":["post-18002","post","type-post","status-publish","format-standard","has-post-thumbnail","hentry","category-destacada","category-politicaconcejo","category-politica"],"_links":{"self":[{"href":"https:\/\/revistazetta.com\/index.php?rest_route=\/wp\/v2\/posts\/18002","targetHints":{"allow":["GET"]}}],"collection":[{"href":"https:\/\/revistazetta.com\/index.php?rest_route=\/wp\/v2\/posts"}],"about":[{"href":"https:\/\/revistazetta.com\/index.php?rest_route=\/wp\/v2\/types\/post"}],"author":[{"embeddable":true,"href":"https:\/\/revistazetta.com\/index.php?rest_route=\/wp\/v2\/users\/3"}],"replies":[{"embeddable":true,"href":"https:\/\/revistazetta.com\/index.php?rest_route=%2Fwp%2Fv2%2Fcomments&post=18002"}],"version-history":[{"count":0,"href":"https:\/\/revistazetta.com\/index.php?rest_route=\/wp\/v2\/posts\/18002\/revisions"}],"wp:featuredmedia":[{"embeddable":true,"href":"https:\/\/revistazetta.com\/index.php?rest_route=\/wp\/v2\/media\/18005"}],"wp:attachment":[{"href":"https:\/\/revistazetta.com\/index.php?rest_route=%2Fwp%2Fv2%2Fmedia&parent=18002"}],"wp:term":[{"taxonomy":"category","embeddable":true,"href":"https:\/\/revistazetta.com\/index.php?rest_route=%2Fwp%2Fv2%2Fcategories&post=18002"},{"taxonomy":"post_tag","embeddable":true,"href":"https:\/\/revistazetta.com\/index.php?rest_route=%2Fwp%2Fv2%2Ftags&post=18002"}],"curies":[{"name":"wp","href":"https:\/\/api.w.org\/{rel}","templated":true}]}}