{"id":18009,"date":"2016-12-11T00:30:00","date_gmt":"2016-12-11T05:30:00","guid":{"rendered":"http:\/\/www.revistazetta.com\/?p=18009"},"modified":"2016-12-11T00:33:56","modified_gmt":"2016-12-11T05:33:56","slug":"quien-personaje-del-ano","status":"publish","type":"post","link":"https:\/\/revistazetta.com\/?p=18009","title":{"rendered":"\u00bfQui\u00e9n es el Personaje del A\u00f1o?"},"content":{"rendered":"<p>Estamos cerrando la Edici\u00f3n Especial 2016 con el Personaje del A\u00f1o. \u00bfQui\u00e9n ser\u00e1?<\/p>\n<p>De seguro compartir\u00e1s nuestra decisi\u00f3n, pues se trata de un verdadero cambio en Cartagena.<\/p>\n<p>Este jueves 15 de diciembre podr\u00e1s disfrutar nuestra edici\u00f3n impresa, y desde el viernes ya estar\u00e1 toda la edici\u00f3n digitalizada en nuestra p\u00e1gina web y nuestras redes sociales.<\/p>\n","protected":false},"excerpt":{"rendered":"<p>Estamos cerrando la Edici\u00f3n Especial 2016 con el Personaje del A\u00f1o. \u00bfQui\u00e9n ser\u00e1? De seguro compartir\u00e1s nuestra decisi\u00f3n, pues se trata de un verdadero cambio en Cartagena. Este jueves 15 de diciembre podr\u00e1s disfrutar nuestra edici\u00f3n impresa, y desde el viernes ya estar\u00e1 toda la edici\u00f3n digitalizada en nuestra p\u00e1gina web y nuestras redes sociales.<\/p>\n","protected":false},"author":3,"featured_media":18010,"comment_status":"open","ping_status":"closed","sticky":false,"template":"","format":"standard","meta":{"footnotes":"","_links_to":"","_links_to_target":""},"categories":[2,75],"tags":[],"class_list":["post-18009","post","type-post","status-publish","format-standard","has-post-thumbnail","hentry","category-actualidad","category-destacada"],"_links":{"self":[{"href":"https:\/\/revistazetta.com\/index.php?rest_route=\/wp\/v2\/posts\/18009","targetHints":{"allow":["GET"]}}],"collection":[{"href":"https:\/\/revistazetta.com\/index.php?rest_route=\/wp\/v2\/posts"}],"about":[{"href":"https:\/\/revistazetta.com\/index.php?rest_route=\/wp\/v2\/types\/post"}],"author":[{"embeddable":true,"href":"https:\/\/revistazetta.com\/index.php?rest_route=\/wp\/v2\/users\/3"}],"replies":[{"embeddable":true,"href":"https:\/\/revistazetta.com\/index.php?rest_route=%2Fwp%2Fv2%2Fcomments&post=18009"}],"version-history":[{"count":0,"href":"https:\/\/revistazetta.com\/index.php?rest_route=\/wp\/v2\/posts\/18009\/revisions"}],"wp:featuredmedia":[{"embeddable":true,"href":"https:\/\/revistazetta.com\/index.php?rest_route=\/wp\/v2\/media\/18010"}],"wp:attachment":[{"href":"https:\/\/revistazetta.com\/index.php?rest_route=%2Fwp%2Fv2%2Fmedia&parent=18009"}],"wp:term":[{"taxonomy":"category","embeddable":true,"href":"https:\/\/revistazetta.com\/index.php?rest_route=%2Fwp%2Fv2%2Fcategories&post=18009"},{"taxonomy":"post_tag","embeddable":true,"href":"https:\/\/revistazetta.com\/index.php?rest_route=%2Fwp%2Fv2%2Ftags&post=18009"}],"curies":[{"name":"wp","href":"https:\/\/api.w.org\/{rel}","templated":true}]}}