{"id":18015,"date":"2016-12-12T00:02:02","date_gmt":"2016-12-12T05:02:02","guid":{"rendered":"http:\/\/www.revistazetta.com\/?p=18015"},"modified":"2016-12-12T00:58:56","modified_gmt":"2016-12-12T05:58:56","slug":"este-martes-concierto-musica-las-alturas-cerro-la-popa","status":"publish","type":"post","link":"https:\/\/revistazetta.com\/?p=18015","title":{"rendered":"Este martes, concierto \u201cM\u00fasica en las Alturas\u201d en el Cerro de La Popa"},"content":{"rendered":"<p>El atrio del Monasterio agustino de la Virgen de la Candelaria, en el emblem\u00e1tico Cerro de la Popa, ser\u00e1 el escenario para presentaci\u00f3n de una nueva versi\u00f3n del concierto M\u00fasica en las Alturas este martes 13 de diciembre a las 7 de la noche. Este est\u00e1 organizado por Unibac con el apoyo de la Gobernaci\u00f3n de Bol\u00edvar. All\u00ed la Orquesta Sinf\u00f3nica de Bol\u00edvar brindar\u00e1 un espect\u00e1culo especial para recibir oficialmente la temporada navide\u00f1a. <\/p>\n<p>Para esta velada, los ritmos tradicionales de los Montes de Mar\u00eda sonar\u00e1n en versi\u00f3n sinf\u00f3nica gracias a la fusi\u00f3n de los legendarios Gaiteros de San Jacinto con la Orquesta Sinf\u00f3nica de Bol\u00edvar. Las voces de Juan \u201cChuchita\u201d Fern\u00e1ndez y Pascual Castro, los juglares vivos m\u00e1s representativos del folclor bolivarense, estar\u00e1n acompa\u00f1adas de gaitas, tambores, violines, oboes, fagotes, trombones y toda la variedad de timbres de la orquesta. <\/p>\n<p>Tambi\u00e9n subir\u00e1n al escenario cantantes l\u00edricos Talento Unibac  y los ni\u00f1os que forman el semillero del Conservatorio de M\u00fasica Adolfo Mej\u00eda de la Instituci\u00f3n Universitaria Bellas artes y Ciencias de Bol\u00edvar (Unibac): la Orquesta Sinf\u00f3nica Infantil y el Coro Infantil. Cerca de 120 artistas se presentar\u00e1n en este concierto navide\u00f1o. <\/p>\n<p>Villancicos, mambos, paseos vallenatos y cumbias son los g\u00e9neros que disfrutar\u00e1n los asistentes a esta gala. Dentro de las obras que sonar\u00e1n est\u00e1n El Oboe de Gabriel, Blanca Navidad, Noche de Paz, Te busco, Flor de canela, Ballet Estancia, La Maestranza, La Vaina ya se form\u00f3, Fuego de cumbia, entre otras reconocidas melod\u00edas vocales e instrumentales.  <\/p>\n<p>La Orquesta Sinf\u00f3nica de Bol\u00edvar, al igual que todos los dem\u00e1s conjuntos que se presentar\u00e1n, est\u00e1 integrada por estudiantes, egresados y docentes del Conservatorio de M\u00fasica Adolfo Mej\u00eda de Unibac. La OSB es considerada hoy la orquesta m\u00e1s importante del Caribe colombiano en su g\u00e9nero y un referente en el medio universitario  del pa\u00eds. Los Gaiteros de San Jacinto son una instituci\u00f3n musical en Colombia que datan de 1952. Su m\u00e1s reciente trabajo discogr\u00e1fico Un fuego de sangre pura, fue galardonado con el Premio Grammy Latino 2007 a Mejor \u00c1lbum Tradicional.<\/p>\n<p>La entrada al concierto es libre al p\u00fablico. Se dispondr\u00e1n dos buses que estar\u00e1n ubicados en el parque La Marina desde las 6 de la tarde sin ning\u00fan costo para quienes deseen asistir. <\/p>\n","protected":false},"excerpt":{"rendered":"<p>El atrio del Monasterio agustino de la Virgen de la Candelaria, en el emblem\u00e1tico Cerro de la Popa, ser\u00e1 el escenario para presentaci\u00f3n de una nueva versi\u00f3n del concierto M\u00fasica en las Alturas este martes 13 de diciembre a las 7 de la noche. Este est\u00e1 organizado por Unibac con el apoyo de la Gobernaci\u00f3n de Bol\u00edvar. All\u00ed la Orquesta Sinf\u00f3nica de Bol\u00edvar brindar\u00e1 un espect\u00e1culo especial para recibir oficialmente la temporada navide\u00f1a. Para esta velada, los ritmos tradicionales de los Montes de Mar\u00eda sonar\u00e1n en versi\u00f3n sinf\u00f3nica gracias a&#8230; <\/p>\n","protected":false},"author":3,"featured_media":18016,"comment_status":"open","ping_status":"closed","sticky":false,"template":"","format":"standard","meta":{"footnotes":"","_links_to":"","_links_to_target":""},"categories":[61,75,43],"tags":[],"class_list":["post-18015","post","type-post","status-publish","format-standard","has-post-thumbnail","hentry","category-agenda-cultura","category-destacada","category-cultura-musica"],"_links":{"self":[{"href":"https:\/\/revistazetta.com\/index.php?rest_route=\/wp\/v2\/posts\/18015","targetHints":{"allow":["GET"]}}],"collection":[{"href":"https:\/\/revistazetta.com\/index.php?rest_route=\/wp\/v2\/posts"}],"about":[{"href":"https:\/\/revistazetta.com\/index.php?rest_route=\/wp\/v2\/types\/post"}],"author":[{"embeddable":true,"href":"https:\/\/revistazetta.com\/index.php?rest_route=\/wp\/v2\/users\/3"}],"replies":[{"embeddable":true,"href":"https:\/\/revistazetta.com\/index.php?rest_route=%2Fwp%2Fv2%2Fcomments&post=18015"}],"version-history":[{"count":0,"href":"https:\/\/revistazetta.com\/index.php?rest_route=\/wp\/v2\/posts\/18015\/revisions"}],"wp:featuredmedia":[{"embeddable":true,"href":"https:\/\/revistazetta.com\/index.php?rest_route=\/wp\/v2\/media\/18016"}],"wp:attachment":[{"href":"https:\/\/revistazetta.com\/index.php?rest_route=%2Fwp%2Fv2%2Fmedia&parent=18015"}],"wp:term":[{"taxonomy":"category","embeddable":true,"href":"https:\/\/revistazetta.com\/index.php?rest_route=%2Fwp%2Fv2%2Fcategories&post=18015"},{"taxonomy":"post_tag","embeddable":true,"href":"https:\/\/revistazetta.com\/index.php?rest_route=%2Fwp%2Fv2%2Ftags&post=18015"}],"curies":[{"name":"wp","href":"https:\/\/api.w.org\/{rel}","templated":true}]}}