{"id":18017,"date":"2016-12-12T00:13:26","date_gmt":"2016-12-12T05:13:26","guid":{"rendered":"http:\/\/www.revistazetta.com\/?p=18017"},"modified":"2016-12-12T18:40:05","modified_gmt":"2016-12-12T23:40:05","slug":"reconocimiento-esfuerzos-del-sector-privado-mitigar-efectos-del-cambio-climatico","status":"publish","type":"post","link":"https:\/\/revistazetta.com\/?p=18017","title":{"rendered":"Reconocimiento a esfuerzos del sector privado para mitigar efectos del cambio clim\u00e1tico"},"content":{"rendered":"<p>Por su compromiso con una visi\u00f3n de ciudad  competitiva y compatible con el clima, el plan de cambio clim\u00e1tico de Cartagena Plan4C realizar\u00e1 este lunes 12 de diciembre en el Hotel Santa Teresa un reconocimiento a varios representantes del sector privado cartagenero. <\/p>\n<p>Dentro de las acciones de desarrollo sostenible implementadas por los nominados se encuentran: la renovaci\u00f3n tecnol\u00f3gica de equipos en pro de la eficiencia energ\u00e9tica, la implementaci\u00f3n de sistemas de energ\u00eda solar t\u00e9rmica, contribuciones a los mecanismos de adaptaci\u00f3n para reducci\u00f3n de riesgos del cambio clim\u00e1tico, reducci\u00f3n de emisiones por medio de energ\u00edas alternativas, la instalaci\u00f3n de distritos t\u00e9rmicos y el aprovechamiento de residuos s\u00f3lidos, entre otros. <\/p>\n<p>Adem\u00e1s del reconocimiento, en el evento, denominado \u201cH\u00e9roes Plan 4C\u201d, tambi\u00e9n se socializar\u00e1n los resultados que ha alcanzado Cartagena en competitividad y compatibilidad con el clima. Al mismo asistir\u00e1 el alcalde Manuel Vicente Duque, la secretaria de planeaci\u00f3n distrital Luz Elena Paternina, empresarios y representantes gremiales locales. <\/p>\n<p>La reuni\u00f3n es organizada por CDKN &#8211; Alianza por el Clima, Plan4C, la Alcald\u00eda Mayor de Cartagena, Invest in Cartagena  y la Secretar\u00eda de Planeaci\u00f3n distrital. <\/p>\n","protected":false},"excerpt":{"rendered":"<p>Por su compromiso con una visi\u00f3n de ciudad competitiva y compatible con el clima, el plan de cambio clim\u00e1tico de Cartagena Plan4C realizar\u00e1 este lunes 12 de diciembre en el Hotel Santa Teresa un reconocimiento a varios representantes del sector privado cartagenero. Dentro de las acciones de desarrollo sostenible implementadas por los nominados se encuentran: la renovaci\u00f3n tecnol\u00f3gica de equipos en pro de la eficiencia energ\u00e9tica, la implementaci\u00f3n de sistemas de energ\u00eda solar t\u00e9rmica, contribuciones a los mecanismos de adaptaci\u00f3n para reducci\u00f3n de riesgos del cambio clim\u00e1tico, reducci\u00f3n de emisiones&#8230; <\/p>\n","protected":false},"author":3,"featured_media":18019,"comment_status":"open","ping_status":"closed","sticky":false,"template":"","format":"standard","meta":{"footnotes":"","_links_to":"","_links_to_target":""},"categories":[32],"tags":[],"class_list":["post-18017","post","type-post","status-publish","format-standard","has-post-thumbnail","hentry","category-actualidad-distrito"],"_links":{"self":[{"href":"https:\/\/revistazetta.com\/index.php?rest_route=\/wp\/v2\/posts\/18017","targetHints":{"allow":["GET"]}}],"collection":[{"href":"https:\/\/revistazetta.com\/index.php?rest_route=\/wp\/v2\/posts"}],"about":[{"href":"https:\/\/revistazetta.com\/index.php?rest_route=\/wp\/v2\/types\/post"}],"author":[{"embeddable":true,"href":"https:\/\/revistazetta.com\/index.php?rest_route=\/wp\/v2\/users\/3"}],"replies":[{"embeddable":true,"href":"https:\/\/revistazetta.com\/index.php?rest_route=%2Fwp%2Fv2%2Fcomments&post=18017"}],"version-history":[{"count":0,"href":"https:\/\/revistazetta.com\/index.php?rest_route=\/wp\/v2\/posts\/18017\/revisions"}],"wp:featuredmedia":[{"embeddable":true,"href":"https:\/\/revistazetta.com\/index.php?rest_route=\/wp\/v2\/media\/18019"}],"wp:attachment":[{"href":"https:\/\/revistazetta.com\/index.php?rest_route=%2Fwp%2Fv2%2Fmedia&parent=18017"}],"wp:term":[{"taxonomy":"category","embeddable":true,"href":"https:\/\/revistazetta.com\/index.php?rest_route=%2Fwp%2Fv2%2Fcategories&post=18017"},{"taxonomy":"post_tag","embeddable":true,"href":"https:\/\/revistazetta.com\/index.php?rest_route=%2Fwp%2Fv2%2Ftags&post=18017"}],"curies":[{"name":"wp","href":"https:\/\/api.w.org\/{rel}","templated":true}]}}