{"id":18023,"date":"2016-12-12T00:43:29","date_gmt":"2016-12-12T05:43:29","guid":{"rendered":"http:\/\/www.revistazetta.com\/?p=18023"},"modified":"2016-12-12T00:56:12","modified_gmt":"2016-12-12T05:56:12","slug":"concejo-clausura-3er-periodo-sesiones-ordinarias","status":"publish","type":"post","link":"https:\/\/revistazetta.com\/?p=18023","title":{"rendered":"Concejo clausura 3er per\u00edodo de sesiones ordinarias"},"content":{"rendered":"<p>Concejo Distrital de Cartagena dio clausura  al tercer per\u00edodo de sesiones ordinarias. El presidente de la corporaci\u00f3n edilicia, Javier Curi Osorio, manifest\u00f3 su satisfacci\u00f3n por los logros alcanzados, pese a las dificultades propias que se presentan en el primer a\u00f1o del periodo en ejercicio como coadministradores del distrito.<\/p>\n<p>\u00abA\u00fan quedan algunos proyectos importantes para culminar su proceso de tr\u00e1mite en la Corporaci\u00f3n, como el proyecto del Plan Maestro de Drenajes Pluviales en su etapa inicial y el Centro Administrativo Distrital. Esperamos el llamado a las sesiones extraordinarias para cerrar labores en este primer a\u00f1o, equivalente a la primera cuarta parte del periodo para el que fuimos elegidos concejales de la ciudad, un abrazo y muchas gracias a todos por su colaboraci\u00f3n y apoyo\u00bb, concluy\u00f3 Curi Osorio.<br \/>\n<img loading=\"lazy\" decoding=\"async\" src=\"https:\/\/www.revistazetta.com\/wp-content\/uploads\/2016\/12\/calusura-3er-periodo-de-sesiones1-300x187.jpg\" alt=\"calusura-3er-periodo-de-sesiones1\" width=\"300\" height=\"187\" class=\"alignright size-medium wp-image-18025\" srcset=\"https:\/\/revistazetta.com\/wp-content\/uploads\/2016\/12\/calusura-3er-periodo-de-sesiones1-300x187.jpg 300w, https:\/\/revistazetta.com\/wp-content\/uploads\/2016\/12\/calusura-3er-periodo-de-sesiones1-234x146.jpg 234w, https:\/\/revistazetta.com\/wp-content\/uploads\/2016\/12\/calusura-3er-periodo-de-sesiones1-50x31.jpg 50w, https:\/\/revistazetta.com\/wp-content\/uploads\/2016\/12\/calusura-3er-periodo-de-sesiones1-120x75.jpg 120w, https:\/\/revistazetta.com\/wp-content\/uploads\/2016\/12\/calusura-3er-periodo-de-sesiones1.jpg 570w\" sizes=\"auto, (max-width: 300px) 100vw, 300px\" \/><\/p>\n<p><img loading=\"lazy\" decoding=\"async\" src=\"https:\/\/www.revistazetta.com\/wp-content\/uploads\/2016\/12\/calusura-3er-periodo-de-sesiones-300x187.jpg\" alt=\"calusura-3er-periodo-de-sesiones\" width=\"300\" height=\"187\" class=\"alignright size-medium wp-image-18024\" srcset=\"https:\/\/revistazetta.com\/wp-content\/uploads\/2016\/12\/calusura-3er-periodo-de-sesiones-300x187.jpg 300w, https:\/\/revistazetta.com\/wp-content\/uploads\/2016\/12\/calusura-3er-periodo-de-sesiones-234x146.jpg 234w, https:\/\/revistazetta.com\/wp-content\/uploads\/2016\/12\/calusura-3er-periodo-de-sesiones-50x31.jpg 50w, https:\/\/revistazetta.com\/wp-content\/uploads\/2016\/12\/calusura-3er-periodo-de-sesiones-120x75.jpg 120w, https:\/\/revistazetta.com\/wp-content\/uploads\/2016\/12\/calusura-3er-periodo-de-sesiones.jpg 570w\" sizes=\"auto, (max-width: 300px) 100vw, 300px\" \/><br \/>\nPor su parte el alcalde mayor de la ciudad, Manuel Vicente Duque, quien asisti\u00f3 a la clausura, agradeci\u00f3 en su discurso el trabajo mancomunado entre los concejales y la Administraci\u00f3n para proporcionar herramientas orientadas hacia un mejor desarrollo de la ciudad; de igual manera se\u00f1al\u00f3 el gran reto que se avecina el a\u00f1o pr\u00f3ximo con los planes y compromisos proyectados.<\/p>\n","protected":false},"excerpt":{"rendered":"<p>Concejo Distrital de Cartagena dio clausura al tercer per\u00edodo de sesiones ordinarias. El presidente de la corporaci\u00f3n edilicia, Javier Curi Osorio, manifest\u00f3 su satisfacci\u00f3n por los logros alcanzados, pese a las dificultades propias que se presentan en el primer a\u00f1o del periodo en ejercicio como coadministradores del distrito. \u00abA\u00fan quedan algunos proyectos importantes para culminar su proceso de tr\u00e1mite en la Corporaci\u00f3n, como el proyecto del Plan Maestro de Drenajes Pluviales en su etapa inicial y el Centro Administrativo Distrital. Esperamos el llamado a las sesiones extraordinarias para cerrar labores&#8230; <\/p>\n","protected":false},"author":3,"featured_media":18026,"comment_status":"open","ping_status":"closed","sticky":false,"template":"","format":"standard","meta":{"footnotes":"","_links_to":"","_links_to_target":""},"categories":[27],"tags":[],"class_list":["post-18023","post","type-post","status-publish","format-standard","has-post-thumbnail","hentry","category-politicaconcejo"],"_links":{"self":[{"href":"https:\/\/revistazetta.com\/index.php?rest_route=\/wp\/v2\/posts\/18023","targetHints":{"allow":["GET"]}}],"collection":[{"href":"https:\/\/revistazetta.com\/index.php?rest_route=\/wp\/v2\/posts"}],"about":[{"href":"https:\/\/revistazetta.com\/index.php?rest_route=\/wp\/v2\/types\/post"}],"author":[{"embeddable":true,"href":"https:\/\/revistazetta.com\/index.php?rest_route=\/wp\/v2\/users\/3"}],"replies":[{"embeddable":true,"href":"https:\/\/revistazetta.com\/index.php?rest_route=%2Fwp%2Fv2%2Fcomments&post=18023"}],"version-history":[{"count":0,"href":"https:\/\/revistazetta.com\/index.php?rest_route=\/wp\/v2\/posts\/18023\/revisions"}],"wp:featuredmedia":[{"embeddable":true,"href":"https:\/\/revistazetta.com\/index.php?rest_route=\/wp\/v2\/media\/18026"}],"wp:attachment":[{"href":"https:\/\/revistazetta.com\/index.php?rest_route=%2Fwp%2Fv2%2Fmedia&parent=18023"}],"wp:term":[{"taxonomy":"category","embeddable":true,"href":"https:\/\/revistazetta.com\/index.php?rest_route=%2Fwp%2Fv2%2Fcategories&post=18023"},{"taxonomy":"post_tag","embeddable":true,"href":"https:\/\/revistazetta.com\/index.php?rest_route=%2Fwp%2Fv2%2Ftags&post=18023"}],"curies":[{"name":"wp","href":"https:\/\/api.w.org\/{rel}","templated":true}]}}