{"id":18027,"date":"2016-12-12T00:54:36","date_gmt":"2016-12-12T05:54:36","guid":{"rendered":"http:\/\/www.revistazetta.com\/?p=18027"},"modified":"2016-12-12T08:10:11","modified_gmt":"2016-12-12T13:10:11","slug":"bolivar-avanza-realizara-jornada-la-construccion-bolivar-seguro-paz","status":"publish","type":"post","link":"https:\/\/revistazetta.com\/?p=18027","title":{"rendered":"\u201cBol\u00edvar S\u00ed Avanza\u201d realizar\u00e1 Jornada para la construcci\u00f3n de un Bol\u00edvar Seguro y en Paz"},"content":{"rendered":"<p>Con el fin de presentar los avances en materia de seguridad y convivencia ciudadana en el departamento de Bol\u00edvar, la Direcci\u00f3n de Seguridad y Convivencia Ciudadana adscrita a la Secretar\u00eda del Interior Departamental, llevar\u00e1 a cabo una jornada de presentaci\u00f3n de informes y an\u00e1lisis de enfoque prospectivo sobre el fen\u00f3meno de violencia, inseguridad, o baja convivencia que afectan al territorio realizados por el Centro de Observaci\u00f3n e Investigaci\u00f3n Social de Bol\u00edvar (Coisbol) y dirigida a secretarios de Despacho, autoridades competentes, directores de seguridad, secretarios de gobierno, comisarios de familia, comandantes de fuerzas p\u00fablicas de los municipios y alcaldes.<\/p>\n<p>La Administraci\u00f3n del \u201cBol\u00edvar S\u00ed Avanza\u201d, acorde a su Plan de Desarrollo, directrices y lineamientos acoger\u00e1 la realizaci\u00f3n de este primer encuentro en busca de ofrecer resultados. El encuentro contar\u00e1 con tres conferencistas especiales:<\/p>\n<p>1. Ginneth Esmeralda Narv\u00e1ez, Doctor en ciencias sociales con \u00e9nfasis en estudios pol\u00edticos. Polit\u00f3loga de la universidad nacional. Magisterial en historia con menci\u00f3n especial en democracia, naci\u00f3n y guerra. Investigadora en caracterizaci\u00f3n de actores armados ilegales, procesos de paz, convivencia, an\u00e1lisis de coyuntura regional e implementaci\u00f3n de pol\u00edticas p\u00fablicas en seguridad y defensa. Experiencia en procesos de monitoreo, seguridad y evaluaci\u00f3n. Actual docente e investigadora de la facultad de sociolog\u00eda de la universidad santo Tom\u00e1s de Aquino. Asesora nacional en procesos de formaci\u00f3n comunitaria y metodolog\u00edas participativas.<\/p>\n<p>2. Luis Fernando Echavarr\u00eda, coordinador de la l\u00ednea de investigaci\u00f3n de seguridad urbana y crimen organizado de la fundaci\u00f3n paz y reconciliaci\u00f3n.<br \/>\nAbogado de la universidad pontificia bolivariana, estudiante de maestr\u00eda en estudios pol\u00edticos y docente en conflictos urbanos. Ha sido director del sistema de informaci\u00f3n para la seguridad y convivencia de Medell\u00edn y subsecretario de planeaci\u00f3n de la seguridad de la alcald\u00eda de Medell\u00edn. As\u00ed como consejero de convivencia y seguridad ciudadana de Santa Marta.<\/p>\n<p>3. Hugo Acero Velasquez columnista del tiempo, consultor internacional. Destacado soci\u00f3logo colombiano con experiencia por 13 a\u00f1os en manejo y gesti\u00f3n de temas de convivencia, seguridad ciudadana, seguridad nacional, manejo de crisis y terrorismo. Durante nueve a\u00f1os continuos fue Subsecretario de Seguridad de Bogot\u00e1, periodo durante el cual la ciudad pas\u00f3 de ser una de las ciudades m\u00e1s inseguras y violentas a ser un ejemplo nacional e internacional por la reducci\u00f3n importante de la violencia y la delincuencia. Actualmente es coordinador del Programa Departamentos y Municipios Seguros en su pa\u00eds.<\/p>\n<p>El conversatorio se llevar\u00e1 a cabo este lunes 12 de diciembre, entre 7:00 am. y 12:00 am., en el Centro Administrativo Departamental &#8211; CAD de la Gobernaci\u00f3n de Bol\u00edvar (Carretera Cartagena-Turbaco Km. 3, Sector Bajo Miranda &#8211; El Cortijo)<\/p>\n<p>El segundo evento de la jornada se realizar\u00e1 el d\u00eda martes 13 de diciembre que consiste en el \u201cForo Departamental y Distrital para la Aplicaci\u00f3n y Autonom\u00eda del Nuevo C\u00f3digo Nacional de Polic\u00eda y Convivencia\u201d este se realizar\u00eda desde las 7 de la ma\u00f1ana en el Centro de Convenciones Julio Cesar Turbay Ayala en la ciudad de Cartagena y estar\u00e1 delimitado a la explicaci\u00f3n y presentaci\u00f3n del nuevo C\u00f3digo de Polic\u00eda y sus funciones constitucionales y legales, as\u00ed como de las preventivas y sancionatorias.<\/p>\n","protected":false},"excerpt":{"rendered":"<p>Con el fin de presentar los avances en materia de seguridad y convivencia ciudadana en el departamento de Bol\u00edvar, la Direcci\u00f3n de Seguridad y Convivencia Ciudadana adscrita a la Secretar\u00eda del Interior Departamental, llevar\u00e1 a cabo una jornada de presentaci\u00f3n de informes y an\u00e1lisis de enfoque prospectivo sobre el fen\u00f3meno de violencia, inseguridad, o baja convivencia que afectan al territorio realizados por el Centro de Observaci\u00f3n e Investigaci\u00f3n Social de Bol\u00edvar (Coisbol) y dirigida a secretarios de Despacho, autoridades competentes, directores de seguridad, secretarios de gobierno, comisarios de familia, comandantes&#8230; <\/p>\n","protected":false},"author":3,"featured_media":18032,"comment_status":"open","ping_status":"closed","sticky":false,"template":"","format":"standard","meta":{"footnotes":"","_links_to":"","_links_to_target":""},"categories":[61],"tags":[],"class_list":["post-18027","post","type-post","status-publish","format-standard","has-post-thumbnail","hentry","category-agenda-cultura"],"_links":{"self":[{"href":"https:\/\/revistazetta.com\/index.php?rest_route=\/wp\/v2\/posts\/18027","targetHints":{"allow":["GET"]}}],"collection":[{"href":"https:\/\/revistazetta.com\/index.php?rest_route=\/wp\/v2\/posts"}],"about":[{"href":"https:\/\/revistazetta.com\/index.php?rest_route=\/wp\/v2\/types\/post"}],"author":[{"embeddable":true,"href":"https:\/\/revistazetta.com\/index.php?rest_route=\/wp\/v2\/users\/3"}],"replies":[{"embeddable":true,"href":"https:\/\/revistazetta.com\/index.php?rest_route=%2Fwp%2Fv2%2Fcomments&post=18027"}],"version-history":[{"count":0,"href":"https:\/\/revistazetta.com\/index.php?rest_route=\/wp\/v2\/posts\/18027\/revisions"}],"wp:featuredmedia":[{"embeddable":true,"href":"https:\/\/revistazetta.com\/index.php?rest_route=\/wp\/v2\/media\/18032"}],"wp:attachment":[{"href":"https:\/\/revistazetta.com\/index.php?rest_route=%2Fwp%2Fv2%2Fmedia&parent=18027"}],"wp:term":[{"taxonomy":"category","embeddable":true,"href":"https:\/\/revistazetta.com\/index.php?rest_route=%2Fwp%2Fv2%2Fcategories&post=18027"},{"taxonomy":"post_tag","embeddable":true,"href":"https:\/\/revistazetta.com\/index.php?rest_route=%2Fwp%2Fv2%2Ftags&post=18027"}],"curies":[{"name":"wp","href":"https:\/\/api.w.org\/{rel}","templated":true}]}}