{"id":18029,"date":"2016-12-12T07:47:06","date_gmt":"2016-12-12T12:47:06","guid":{"rendered":"http:\/\/www.revistazetta.com\/?p=18029"},"modified":"2016-12-12T07:47:28","modified_gmt":"2016-12-12T12:47:28","slug":"willie-colon-celebra-50-anos-la-musica-concierto-bronx","status":"publish","type":"post","link":"https:\/\/revistazetta.com\/?p=18029","title":{"rendered":"Willie Col\u00f3n celebr\u00f3 50 a\u00f1os en la m\u00fasica con concierto en El Bronx"},"content":{"rendered":"<p><img loading=\"lazy\" decoding=\"async\" class=\"alignright size-medium wp-image-18031\" src=\"https:\/\/www.revistazetta.com\/wp-content\/uploads\/2016\/12\/willie-colon-300x240.jpg\" alt=\"willie-colon\" width=\"300\" height=\"240\" srcset=\"https:\/\/revistazetta.com\/wp-content\/uploads\/2016\/12\/willie-colon-300x240.jpg 300w, https:\/\/revistazetta.com\/wp-content\/uploads\/2016\/12\/willie-colon-183x146.jpg 183w, https:\/\/revistazetta.com\/wp-content\/uploads\/2016\/12\/willie-colon-50x40.jpg 50w, https:\/\/revistazetta.com\/wp-content\/uploads\/2016\/12\/willie-colon-94x75.jpg 94w, https:\/\/revistazetta.com\/wp-content\/uploads\/2016\/12\/willie-colon.jpg 600w\" sizes=\"auto, (max-width: 300px) 100vw, 300px\" \/>El trombonista y cantante Willie Col\u00f3n celebr\u00f3 el s\u00e1bado sus 50 a\u00f1os de carrera con un gran concierto donde comenz\u00f3 su andadura, en El Bronx, donde naci\u00f3, y creci\u00f3 bajo los cuidados de su abuela, una gran influencia en su vida y trabajo a la que rindi\u00f3 tributo.<br \/>\n\u201cMi abuela adoraba a Puerto Rico y yo adoraba a mi abuela y si le canto a Puerto Rico le canto a mi abuela\u201d, dijo a su llegada al escenario para el espect\u00e1culo \u201cAsalto Navide\u00f1o\u201d, t\u00edtulo del primer disco de Navidad que grab\u00f3 junto a H\u00e9ctor Lavoe (1946-1993) a fines de la d\u00e9cada de 1970 con m\u00fasica t\u00edpica de la isla para esta \u00e9poca festiva.<br \/>\n\u201cBienvenidos a mi 50 aniversario. Esta es mi fiesta. Nac\u00ed en El Bronx, pero como muchos de ustedes, Puerto Rico es la base de mi m\u00fasica. Lo llevamos en el coraz\u00f3n\u201d, dijo en el Lehman Center for the Performig Arts, acompa\u00f1ado por una excelente orquesta de 16 m\u00fasicos, entre ellos cuatro violines y tres coristas.<br \/>\n\u201cAsalto Navide\u00f1o\u201d fue un recorrido por sus cinco d\u00e9cadas en la salsa con temas que ya son obligados como \u201cEl gran var\u00f3n\u201d y \u201cLa murga\u201d con las que puso fin esta noche a una velada de casi dos horas.<br \/>\nEl repertorio incluy\u00f3 adem\u00e1s conocidas canciones navide\u00f1as de Puerto Rico, cuyas costumbres aprendi\u00f3 de su abuela Antonia, como la del \u201casalto\u201d o \u201cparrandas\u201d en que un grupo de amigos y familiares lleva m\u00fasica al hogar de otros familiares o vecinos. Tambi\u00e9n interpret\u00f3 las cadenciosas bomba y plenas, ritmos aut\u00f3ctonos de la isla.<br \/>\nEl cuatro, que en el disco original toc\u00f3 Yomo Toro (1933-2012), que al igual que Col\u00f3n fue miembro de las Estrellas de Fania, estuvo presente en esta ocasi\u00f3n con el m\u00fasico puertorrique\u00f1o Prodigio, que demostr\u00f3 sus habilidades con el instrumento nacional de la isla, y que fue invitado especial de la noche junto al percusionista y cantante Jos\u00e9 Mangual.<br \/>\nColon, que fue candidato al Congreso federal en 1994 y a Defensor del Pueblo en Nueva York en 2001, tambi\u00e9n llev\u00f3 al p\u00fablico a un recorrido hist\u00f3rico a trav\u00e9s de fotos y v\u00eddeos de lo que era la ciudad, y particularmente El Bronx, cuando comenz\u00f3 su carrera, en que ese condado era s\u00edmbolo de decadencia urbana.<br \/>\nLas im\u00e1genes mostraban edificios destartalados, ruinas, criminalidad, pobreza, graffiti, banderas, as\u00ed como otras sobre la evoluci\u00f3n de su carrera desde su comienzo, con las Estrellas de Fania, con su orquesta junto a Lavoe y Rub\u00e9n Blades, con quienes conform\u00f3 importantes binomios en la salsa.<br \/>\nTambi\u00e9n de momentos que marcaron en particular a la comunidad latina como el surgimiento del Partido de los Young Lords, un grupo de j\u00f3venes, en su mayor\u00eda puertorrique\u00f1os, que exig\u00edan cambios para mejorar la calidad de vida en sus comunidades, sin olvidar aquellas que captaron a los hispanos entregados en la calle a la rumba, con la que creci\u00f3 y le aliment\u00f3 desde temprana edad.<br \/>\n\u201cEl ritmo era mi canto de cuna. La noche ten\u00eda ritmo (de la m\u00fasica), tanto as\u00ed que cuando cesaba la rumba dec\u00edamos \u00bfy qu\u00e9 pas\u00f3? Cuando tocaban otra vez (en la calle los tambores) dec\u00edamos que todo estaba bien y dorm\u00edamos tranquilos\u201d, record\u00f3 el m\u00fasico, compositor y cantante.<br \/>\nSu \u00e9xito \u201cChe che col\u00e9\u201d fue el primero que se escuch\u00f3 en la abarrotada sala de espect\u00e1culo del colegio universitario, con capacidad para 2.300 personas, que hoy colg\u00f3 el letrero de \u201cvendido\u201d en que sus seguidores se entregaron por completo a cantar y contornear sus cuerpos con la m\u00fasica.<br \/>\n\u201cAbuelita\u201d, \u201cGitana\u201d, \u201cIdilio\u201d, \u201cMam\u00e1 Borinquen me llama\u201d, \u201cAmor verdadero\u201d, \u201cTriste Navidad\u201d, \u201cEl gran var\u00f3n\u201d y \u201cLa murga\u201d, entre otros, formaron parte de esta gran celebraci\u00f3n de sus cinco d\u00e9cadas en los escenarios y de tributo a su abuela Antonia, que emigr\u00f3 a Nueva York en 1923.<br \/>\nEl m\u00fasico ha realizado una gira de concierto en Latinoam\u00e9rica y Puerto Rico y que hoy trajo a Nueva York para festejar con los salseros de diversos pa\u00edses esta importante fecha.<\/p>\n","protected":false},"excerpt":{"rendered":"<p>El trombonista y cantante Willie Col\u00f3n celebr\u00f3 el s\u00e1bado sus 50 a\u00f1os de carrera con un gran concierto donde comenz\u00f3 su andadura, en El Bronx, donde naci\u00f3, y creci\u00f3 bajo los cuidados de su abuela, una gran influencia en su vida y trabajo a la que rindi\u00f3 tributo. \u201cMi abuela adoraba a Puerto Rico y yo adoraba a mi abuela y si le canto a Puerto Rico le canto a mi abuela\u201d, dijo a su llegada al escenario para el espect\u00e1culo \u201cAsalto Navide\u00f1o\u201d, t\u00edtulo del primer disco de Navidad que&#8230; <\/p>\n","protected":false},"author":3,"featured_media":18030,"comment_status":"open","ping_status":"closed","sticky":false,"template":"","format":"standard","meta":{"footnotes":"","_links_to":"","_links_to_target":""},"categories":[2],"tags":[],"class_list":["post-18029","post","type-post","status-publish","format-standard","has-post-thumbnail","hentry","category-actualidad"],"_links":{"self":[{"href":"https:\/\/revistazetta.com\/index.php?rest_route=\/wp\/v2\/posts\/18029","targetHints":{"allow":["GET"]}}],"collection":[{"href":"https:\/\/revistazetta.com\/index.php?rest_route=\/wp\/v2\/posts"}],"about":[{"href":"https:\/\/revistazetta.com\/index.php?rest_route=\/wp\/v2\/types\/post"}],"author":[{"embeddable":true,"href":"https:\/\/revistazetta.com\/index.php?rest_route=\/wp\/v2\/users\/3"}],"replies":[{"embeddable":true,"href":"https:\/\/revistazetta.com\/index.php?rest_route=%2Fwp%2Fv2%2Fcomments&post=18029"}],"version-history":[{"count":0,"href":"https:\/\/revistazetta.com\/index.php?rest_route=\/wp\/v2\/posts\/18029\/revisions"}],"wp:featuredmedia":[{"embeddable":true,"href":"https:\/\/revistazetta.com\/index.php?rest_route=\/wp\/v2\/media\/18030"}],"wp:attachment":[{"href":"https:\/\/revistazetta.com\/index.php?rest_route=%2Fwp%2Fv2%2Fmedia&parent=18029"}],"wp:term":[{"taxonomy":"category","embeddable":true,"href":"https:\/\/revistazetta.com\/index.php?rest_route=%2Fwp%2Fv2%2Fcategories&post=18029"},{"taxonomy":"post_tag","embeddable":true,"href":"https:\/\/revistazetta.com\/index.php?rest_route=%2Fwp%2Fv2%2Ftags&post=18029"}],"curies":[{"name":"wp","href":"https:\/\/api.w.org\/{rel}","templated":true}]}}