{"id":18035,"date":"2016-12-12T15:02:30","date_gmt":"2016-12-12T20:02:30","guid":{"rendered":"http:\/\/www.revistazetta.com\/?p=18035"},"modified":"2016-12-12T15:02:30","modified_gmt":"2016-12-12T20:02:30","slug":"luis-erney-vasquez-cuidara-arco-del-real-cartagena-2017","status":"publish","type":"post","link":"https:\/\/revistazetta.com\/?p=18035","title":{"rendered":"Luis Erney V\u00e1squez cuidar\u00e1 el arco del Real Cartagena para el 2017"},"content":{"rendered":"<p>El vallecaucano Luis Erney V\u00e1squez es otro de los talentos del f\u00fatbol que llega a reforzar el equipo del Real Cartagena. Su misi\u00f3n ser\u00e1 defender el arco auriverde para el 2017. El juvenil proviene del Independiente Medell\u00edn y ha tenido un buen proceso en selecciones Colombia, llegando a ser sub campe\u00f3n en el suramericano sub 20 de Uruguay 2015.<\/p>\n<p>V\u00e1squez llegar\u00e1 a la heroica el pr\u00f3ximo 5 de enero para arrancar la pretemporada 2017 en la ciudad de Magangu\u00e9.<\/p>\n","protected":false},"excerpt":{"rendered":"<p>El vallecaucano Luis Erney V\u00e1squez es otro de los talentos del f\u00fatbol que llega a reforzar el equipo del Real Cartagena. Su misi\u00f3n ser\u00e1 defender el arco auriverde para el 2017. El juvenil proviene del Independiente Medell\u00edn y ha tenido un buen proceso en selecciones Colombia, llegando a ser sub campe\u00f3n en el suramericano sub 20 de Uruguay 2015. V\u00e1squez llegar\u00e1 a la heroica el pr\u00f3ximo 5 de enero para arrancar la pretemporada 2017 en la ciudad de Magangu\u00e9.<\/p>\n","protected":false},"author":3,"featured_media":18036,"comment_status":"open","ping_status":"closed","sticky":false,"template":"","format":"standard","meta":{"footnotes":"","_links_to":"","_links_to_target":""},"categories":[53,54],"tags":[],"class_list":["post-18035","post","type-post","status-publish","format-standard","has-post-thumbnail","hentry","category-deportes","category-futbol"],"_links":{"self":[{"href":"https:\/\/revistazetta.com\/index.php?rest_route=\/wp\/v2\/posts\/18035","targetHints":{"allow":["GET"]}}],"collection":[{"href":"https:\/\/revistazetta.com\/index.php?rest_route=\/wp\/v2\/posts"}],"about":[{"href":"https:\/\/revistazetta.com\/index.php?rest_route=\/wp\/v2\/types\/post"}],"author":[{"embeddable":true,"href":"https:\/\/revistazetta.com\/index.php?rest_route=\/wp\/v2\/users\/3"}],"replies":[{"embeddable":true,"href":"https:\/\/revistazetta.com\/index.php?rest_route=%2Fwp%2Fv2%2Fcomments&post=18035"}],"version-history":[{"count":0,"href":"https:\/\/revistazetta.com\/index.php?rest_route=\/wp\/v2\/posts\/18035\/revisions"}],"wp:featuredmedia":[{"embeddable":true,"href":"https:\/\/revistazetta.com\/index.php?rest_route=\/wp\/v2\/media\/18036"}],"wp:attachment":[{"href":"https:\/\/revistazetta.com\/index.php?rest_route=%2Fwp%2Fv2%2Fmedia&parent=18035"}],"wp:term":[{"taxonomy":"category","embeddable":true,"href":"https:\/\/revistazetta.com\/index.php?rest_route=%2Fwp%2Fv2%2Fcategories&post=18035"},{"taxonomy":"post_tag","embeddable":true,"href":"https:\/\/revistazetta.com\/index.php?rest_route=%2Fwp%2Fv2%2Ftags&post=18035"}],"curies":[{"name":"wp","href":"https:\/\/api.w.org\/{rel}","templated":true}]}}