{"id":18046,"date":"2016-12-12T19:08:29","date_gmt":"2016-12-13T00:08:29","guid":{"rendered":"http:\/\/www.revistazetta.com\/?p=18046"},"modified":"2016-12-12T19:08:29","modified_gmt":"2016-12-13T00:08:29","slug":"obras-la-via-acceso-palenque-estarian-listas-cinco-meses-asegura-turbay","status":"publish","type":"post","link":"https:\/\/revistazetta.com\/?p=18046","title":{"rendered":"Obras en la v\u00eda de acceso a Palenque estar\u00edan listas en cinco meses, asegura Turbay"},"content":{"rendered":"<p>El gobernador de Bol\u00edvar, Dumek Turbay, visit\u00f3 el corregimiento de Palenque, perteneciente a Mahates, con el fin de seguir de cerca las obras que se realizan en la v\u00eda de acceso al lugar, la cual ha sufrido da\u00f1os por la erosi\u00f3n. El mandatario se comprometi\u00f3 a entregar la obra en un aproximado de 5 meses. En \u00e9sta se invertir\u00e1n m\u00e1s de 4 mil millones de pesos. <\/p>\n<p>Luego de observar los trabajos, el gobernador se dirigi\u00f3 a la Instituci\u00f3n Educativa Benkos Bioh\u00f3 en donde inaugur\u00f3 una sala de inform\u00e1tica en la que virtualmente los estudiantes pueden acceder a m\u00e1s de 100 mil libros de todo tipo de literatura. Vale la pena resaltar que est\u00e1 es la primera Instituci\u00f3n Educativa de Colombia que cuenta con esa tecnolog\u00eda.<br \/>\n<img loading=\"lazy\" decoding=\"async\" src=\"https:\/\/www.revistazetta.com\/wp-content\/uploads\/2016\/12\/GVM4-300x187.jpg\" alt=\"gvm4\" width=\"300\" height=\"187\" class=\"alignright size-medium wp-image-18050\" srcset=\"https:\/\/revistazetta.com\/wp-content\/uploads\/2016\/12\/GVM4-300x187.jpg 300w, https:\/\/revistazetta.com\/wp-content\/uploads\/2016\/12\/GVM4-234x146.jpg 234w, https:\/\/revistazetta.com\/wp-content\/uploads\/2016\/12\/GVM4-50x31.jpg 50w, https:\/\/revistazetta.com\/wp-content\/uploads\/2016\/12\/GVM4-120x75.jpg 120w, https:\/\/revistazetta.com\/wp-content\/uploads\/2016\/12\/GVM4.jpg 570w\" sizes=\"auto, (max-width: 300px) 100vw, 300px\" \/><\/p>\n<p><img loading=\"lazy\" decoding=\"async\" src=\"https:\/\/www.revistazetta.com\/wp-content\/uploads\/2016\/12\/GVM3-300x187.jpg\" alt=\"gvm3\" width=\"300\" height=\"187\" class=\"alignright size-medium wp-image-18049\" srcset=\"https:\/\/revistazetta.com\/wp-content\/uploads\/2016\/12\/GVM3-300x187.jpg 300w, https:\/\/revistazetta.com\/wp-content\/uploads\/2016\/12\/GVM3-234x146.jpg 234w, https:\/\/revistazetta.com\/wp-content\/uploads\/2016\/12\/GVM3-50x31.jpg 50w, https:\/\/revistazetta.com\/wp-content\/uploads\/2016\/12\/GVM3-120x75.jpg 120w, https:\/\/revistazetta.com\/wp-content\/uploads\/2016\/12\/GVM3.jpg 570w\" sizes=\"auto, (max-width: 300px) 100vw, 300px\" \/><\/p>\n<p>Posteriormente tambi\u00e9n inaugur\u00f3 las instalaciones de la Estaci\u00f3n de Polic\u00eda de Palenque, la cual le brindar\u00e1 mayor seguridad al corregimiento que se refuerza con la guardia cimarrona, personas de Palenque que hacen rondas de seguridad en el corregimiento. Al momento de dirigirse a la comunidad, Dumek Turbay recibi\u00f3 una noticia, fue declarado hijo adoptivo de Palenque.<br \/>\n<img loading=\"lazy\" decoding=\"async\" src=\"https:\/\/www.revistazetta.com\/wp-content\/uploads\/2016\/12\/GVM2-300x187.jpg\" alt=\"gvm2\" width=\"300\" height=\"187\" class=\"alignright size-medium wp-image-18048\" srcset=\"https:\/\/revistazetta.com\/wp-content\/uploads\/2016\/12\/GVM2-300x187.jpg 300w, https:\/\/revistazetta.com\/wp-content\/uploads\/2016\/12\/GVM2-234x146.jpg 234w, https:\/\/revistazetta.com\/wp-content\/uploads\/2016\/12\/GVM2-50x31.jpg 50w, https:\/\/revistazetta.com\/wp-content\/uploads\/2016\/12\/GVM2-120x75.jpg 120w, https:\/\/revistazetta.com\/wp-content\/uploads\/2016\/12\/GVM2.jpg 570w\" sizes=\"auto, (max-width: 300px) 100vw, 300px\" \/><\/p>\n<p><img loading=\"lazy\" decoding=\"async\" src=\"https:\/\/www.revistazetta.com\/wp-content\/uploads\/2016\/12\/GVM1-300x187.jpg\" alt=\"gvm1\" width=\"300\" height=\"187\" class=\"alignright size-medium wp-image-18047\" srcset=\"https:\/\/revistazetta.com\/wp-content\/uploads\/2016\/12\/GVM1-300x187.jpg 300w, https:\/\/revistazetta.com\/wp-content\/uploads\/2016\/12\/GVM1-234x146.jpg 234w, https:\/\/revistazetta.com\/wp-content\/uploads\/2016\/12\/GVM1-50x31.jpg 50w, https:\/\/revistazetta.com\/wp-content\/uploads\/2016\/12\/GVM1-120x75.jpg 120w, https:\/\/revistazetta.com\/wp-content\/uploads\/2016\/12\/GVM1.jpg 570w\" sizes=\"auto, (max-width: 300px) 100vw, 300px\" \/><\/p>\n<p>La segunda parada del Gobernador, fue en el municipio de Mahates, exactamente en el Chorro de Mahates, el cual fue abierto artesanalmente por campesinos pescadores de la zona, pero que pone en peligro a la regi\u00f3n debido a que la abertura puede provocar inundaciones. \u00abTrabajamos por cerrar el chorro para el beneficio de todos los habitantes de la regi\u00f3n. Estamos comprometidos para darle lo mejor a los habitantes de Bol\u00edvar\u00bb, expres\u00f3 el mandatario.<\/p>\n","protected":false},"excerpt":{"rendered":"<p>El gobernador de Bol\u00edvar, Dumek Turbay, visit\u00f3 el corregimiento de Palenque, perteneciente a Mahates, con el fin de seguir de cerca las obras que se realizan en la v\u00eda de acceso al lugar, la cual ha sufrido da\u00f1os por la erosi\u00f3n. El mandatario se comprometi\u00f3 a entregar la obra en un aproximado de 5 meses. En \u00e9sta se invertir\u00e1n m\u00e1s de 4 mil millones de pesos. Luego de observar los trabajos, el gobernador se dirigi\u00f3 a la Instituci\u00f3n Educativa Benkos Bioh\u00f3 en donde inaugur\u00f3 una sala de inform\u00e1tica en la&#8230; <\/p>\n","protected":false},"author":3,"featured_media":18051,"comment_status":"open","ping_status":"closed","sticky":false,"template":"","format":"standard","meta":{"footnotes":"","_links_to":"","_links_to_target":""},"categories":[83,75],"tags":[],"class_list":["post-18046","post","type-post","status-publish","format-standard","has-post-thumbnail","hentry","category-municipios","category-destacada"],"_links":{"self":[{"href":"https:\/\/revistazetta.com\/index.php?rest_route=\/wp\/v2\/posts\/18046","targetHints":{"allow":["GET"]}}],"collection":[{"href":"https:\/\/revistazetta.com\/index.php?rest_route=\/wp\/v2\/posts"}],"about":[{"href":"https:\/\/revistazetta.com\/index.php?rest_route=\/wp\/v2\/types\/post"}],"author":[{"embeddable":true,"href":"https:\/\/revistazetta.com\/index.php?rest_route=\/wp\/v2\/users\/3"}],"replies":[{"embeddable":true,"href":"https:\/\/revistazetta.com\/index.php?rest_route=%2Fwp%2Fv2%2Fcomments&post=18046"}],"version-history":[{"count":0,"href":"https:\/\/revistazetta.com\/index.php?rest_route=\/wp\/v2\/posts\/18046\/revisions"}],"wp:featuredmedia":[{"embeddable":true,"href":"https:\/\/revistazetta.com\/index.php?rest_route=\/wp\/v2\/media\/18051"}],"wp:attachment":[{"href":"https:\/\/revistazetta.com\/index.php?rest_route=%2Fwp%2Fv2%2Fmedia&parent=18046"}],"wp:term":[{"taxonomy":"category","embeddable":true,"href":"https:\/\/revistazetta.com\/index.php?rest_route=%2Fwp%2Fv2%2Fcategories&post=18046"},{"taxonomy":"post_tag","embeddable":true,"href":"https:\/\/revistazetta.com\/index.php?rest_route=%2Fwp%2Fv2%2Ftags&post=18046"}],"curies":[{"name":"wp","href":"https:\/\/api.w.org\/{rel}","templated":true}]}}