{"id":18060,"date":"2016-12-13T14:55:46","date_gmt":"2016-12-13T19:55:46","guid":{"rendered":"http:\/\/www.revistazetta.com\/?p=18060"},"modified":"2016-12-13T14:55:46","modified_gmt":"2016-12-13T19:55:46","slug":"roberto-velez-cabrales-nuevo-defensor-del-pueblo-bolivar","status":"publish","type":"post","link":"https:\/\/revistazetta.com\/?p=18060","title":{"rendered":"Roberto V\u00e9lez Cabrales es el nuevo defensor del pueblo de Bol\u00edvar"},"content":{"rendered":"<p>El abogado javeriano cartagenero y especialista en Derechos Humanos y Derecho Internacional Humanitario, Roberto V\u00e9lez Cabrales, fue designado hoy como nuevo Defensor del Pueblo de Bol\u00edvar.   <\/p>\n<p>V\u00e9lez Cabrales quien se ven\u00eda desempe\u00f1ando como Procurador de Familia, dirigir\u00e1 ahora la Defensor\u00eda del Pueblo en Bol\u00edvar para velar  por la promoci\u00f3n, ejercicio y divulgaci\u00f3n de los derechos humanos. <\/p>\n<p>\u00abEste nuevo reto lo asumimos con una gran responsabilidad, desde la Defensor\u00eda del Pueblo trabajaremos sin descanso por velar por los derechos humanos de los bolivarense, especialmente de las mujeres, y de los ni\u00f1os, ni\u00f1as, y adolescentes\u00bb, asegur\u00f3 Roberto V\u00e9lez. <\/p>\n<p>V\u00e9lez Cabrales, es especialista en Derecho de Familia de la Universidad Externado y cuenta con conocimientos en Derecho de Familia, m\u00e9todos alternativos de resoluci\u00f3n de conflictos, Derecho Penal, Derechos Humanos y Derecho Internacional Humanitario; as\u00ed mismo, ha manejado temas relacionados con los derechos de Ni\u00f1as, Ni\u00f1os y Adolescentes (C\u00f3digo de Infancia y Adolescencia), y de instrumentos internacionales de Derechos Humanos como herramientas para la protecci\u00f3n de las garant\u00edas m\u00ednimas de los seres Humanos.<\/p>\n<p>El nuevo Defensor del Pueblo cuenta con experiencia como asesor de entidades Distritales (Secretaria del Interior de Cartagena, Edurbe, Casa de Justicia de Canapote y Departamento Administrativo de Valorizaci\u00f3n Distrital de Cartagena, Direcci\u00f3n administrativa de la C\u00e1mara de representantes del congreso de la Rep\u00fablica de Colombia).<\/p>\n","protected":false},"excerpt":{"rendered":"<p>El abogado javeriano cartagenero y especialista en Derechos Humanos y Derecho Internacional Humanitario, Roberto V\u00e9lez Cabrales, fue designado hoy como nuevo Defensor del Pueblo de Bol\u00edvar. V\u00e9lez Cabrales quien se ven\u00eda desempe\u00f1ando como Procurador de Familia, dirigir\u00e1 ahora la Defensor\u00eda del Pueblo en Bol\u00edvar para velar por la promoci\u00f3n, ejercicio y divulgaci\u00f3n de los derechos humanos. \u00abEste nuevo reto lo asumimos con una gran responsabilidad, desde la Defensor\u00eda del Pueblo trabajaremos sin descanso por velar por los derechos humanos de los bolivarense, especialmente de las mujeres, y de los ni\u00f1os,&#8230; <\/p>\n","protected":false},"author":3,"featured_media":18061,"comment_status":"open","ping_status":"closed","sticky":false,"template":"","format":"standard","meta":{"footnotes":"","_links_to":"","_links_to_target":""},"categories":[33],"tags":[],"class_list":["post-18060","post","type-post","status-publish","format-standard","has-post-thumbnail","hentry","category-actualidad-bolivar"],"_links":{"self":[{"href":"https:\/\/revistazetta.com\/index.php?rest_route=\/wp\/v2\/posts\/18060","targetHints":{"allow":["GET"]}}],"collection":[{"href":"https:\/\/revistazetta.com\/index.php?rest_route=\/wp\/v2\/posts"}],"about":[{"href":"https:\/\/revistazetta.com\/index.php?rest_route=\/wp\/v2\/types\/post"}],"author":[{"embeddable":true,"href":"https:\/\/revistazetta.com\/index.php?rest_route=\/wp\/v2\/users\/3"}],"replies":[{"embeddable":true,"href":"https:\/\/revistazetta.com\/index.php?rest_route=%2Fwp%2Fv2%2Fcomments&post=18060"}],"version-history":[{"count":0,"href":"https:\/\/revistazetta.com\/index.php?rest_route=\/wp\/v2\/posts\/18060\/revisions"}],"wp:featuredmedia":[{"embeddable":true,"href":"https:\/\/revistazetta.com\/index.php?rest_route=\/wp\/v2\/media\/18061"}],"wp:attachment":[{"href":"https:\/\/revistazetta.com\/index.php?rest_route=%2Fwp%2Fv2%2Fmedia&parent=18060"}],"wp:term":[{"taxonomy":"category","embeddable":true,"href":"https:\/\/revistazetta.com\/index.php?rest_route=%2Fwp%2Fv2%2Fcategories&post=18060"},{"taxonomy":"post_tag","embeddable":true,"href":"https:\/\/revistazetta.com\/index.php?rest_route=%2Fwp%2Fv2%2Ftags&post=18060"}],"curies":[{"name":"wp","href":"https:\/\/api.w.org\/{rel}","templated":true}]}}