{"id":18066,"date":"2016-12-14T00:20:21","date_gmt":"2016-12-14T05:20:21","guid":{"rendered":"http:\/\/www.revistazetta.com\/?p=18066"},"modified":"2016-12-14T00:20:21","modified_gmt":"2016-12-14T05:20:21","slug":"restaurante-interno-la-carcel-san-diego-abre-puertas","status":"publish","type":"post","link":"https:\/\/revistazetta.com\/?p=18066","title":{"rendered":"Restaurante Interno de la C\u00e1rcel de San Diego abre sus puertas"},"content":{"rendered":"<p>Este jueves 15 de diciembre a partir de las 5:00 de la tarde, abre sus puertas al p\u00fablico el Restaurante Interno de la C\u00e1rcel Distrital de Mujeres, en San Diego. sta propuesta  responde a una alianza entre el Gobierno Distrital en cabeza del alcalde Manolo Duque y la Fundaci\u00f3n Teatro Interno que preside la actriz Johana Baham\u00f3n.<\/p>\n<p>Con este restaurante se procura generar espacios laborales para las internas y de igual manera  fortalecer el proceso de resocializaci\u00f3n que se  adelanta bajo la direcci\u00f3n  de Ramiro Cuadro Garc\u00eda. <\/p>\n<p>El lugar funcionar\u00e1 en un ala de las instalaciones de la c\u00e1rcel bajo las medidas de seguridad pertinentes, la cual fue adecuada y  dotada   para brindar un espacio  para que propios y visitantes puedan disfrutar de la gastronom\u00eda local e internacional, gracias a la asesor\u00eda para la elaboraci\u00f3n del men\u00fa de un grupo de reconocidos chefs, como Leonor Espinosa, Harry Sasson, Guillo Vives, Fernando Bernal, Juan Felipe Camacho, Charli Otero, Vicky Acosta y Mila.<\/p>\n<p>Durante dos meses, las internas con el apoyo de un equipo integral de profesionales, recibieron capacitaci\u00f3n en cocina, servicio al cliente, creaci\u00f3n de microempresas, finanzas b\u00e1sicas, adecuaci\u00f3n de espacios, panader\u00eda y huerta org\u00e1nica, con el apoyo de la Unidad de Asistencia T\u00e9cnica Municipal, Umata.<\/p>\n<p>Johana Baham\u00f3n directora de la fundaci\u00f3n Teatro Interno adelanta desde hace cuatro a\u00f1os un trabajo en las c\u00e1rceles del pa\u00eds para el mejoramiento de la calidad de vida de la poblaci\u00f3n carcelaria por medio del arte, la formaci\u00f3n, la productividad y la habilitaci\u00f3n para el trabajo y con la propuesta del Restaurante Interno como experiencia \u00fanica en Am\u00e9rica  Latina, busca un enfoque distinto de  los centros de reclusi\u00f3n, que se convierten en espacios  de  superaci\u00f3n personal y  de desarrollo de competencias  individuales y colectivas.<\/p>\n<p>El Restaurante Interno tiene como gran activo, la generaci\u00f3n de una nueva visi\u00f3n de vida para las personas privadas de la libertad y de su reincorporaci\u00f3n a la sociedad, porque las segundas oportunidades s\u00ed son posibles.<br \/>\nA la inauguraci\u00f3n asistir\u00e1 el alcalde Manolo Duque, el gobernador Dumek Turbay, el director general del Sena, Alfonso Prada entre otras personalidades.<\/p>\n<p>El viernes 16   de diciembre  los clientes disfrutar\u00e1n de un concierto ac\u00fastico de piano, ofrecido por  el cantante colombiano Cabas<\/p>\n","protected":false},"excerpt":{"rendered":"<p>Este jueves 15 de diciembre a partir de las 5:00 de la tarde, abre sus puertas al p\u00fablico el Restaurante Interno de la C\u00e1rcel Distrital de Mujeres, en San Diego. sta propuesta responde a una alianza entre el Gobierno Distrital en cabeza del alcalde Manolo Duque y la Fundaci\u00f3n Teatro Interno que preside la actriz Johana Baham\u00f3n. Con este restaurante se procura generar espacios laborales para las internas y de igual manera fortalecer el proceso de resocializaci\u00f3n que se adelanta bajo la direcci\u00f3n de Ramiro Cuadro Garc\u00eda. El lugar funcionar\u00e1&#8230; <\/p>\n","protected":false},"author":3,"featured_media":0,"comment_status":"open","ping_status":"closed","sticky":false,"template":"","format":"standard","meta":{"footnotes":"","_links_to":"","_links_to_target":""},"categories":[85],"tags":[],"class_list":["post-18066","post","type-post","status-publish","format-standard","hentry","category-cartagena"],"_links":{"self":[{"href":"https:\/\/revistazetta.com\/index.php?rest_route=\/wp\/v2\/posts\/18066","targetHints":{"allow":["GET"]}}],"collection":[{"href":"https:\/\/revistazetta.com\/index.php?rest_route=\/wp\/v2\/posts"}],"about":[{"href":"https:\/\/revistazetta.com\/index.php?rest_route=\/wp\/v2\/types\/post"}],"author":[{"embeddable":true,"href":"https:\/\/revistazetta.com\/index.php?rest_route=\/wp\/v2\/users\/3"}],"replies":[{"embeddable":true,"href":"https:\/\/revistazetta.com\/index.php?rest_route=%2Fwp%2Fv2%2Fcomments&post=18066"}],"version-history":[{"count":0,"href":"https:\/\/revistazetta.com\/index.php?rest_route=\/wp\/v2\/posts\/18066\/revisions"}],"wp:attachment":[{"href":"https:\/\/revistazetta.com\/index.php?rest_route=%2Fwp%2Fv2%2Fmedia&parent=18066"}],"wp:term":[{"taxonomy":"category","embeddable":true,"href":"https:\/\/revistazetta.com\/index.php?rest_route=%2Fwp%2Fv2%2Fcategories&post=18066"},{"taxonomy":"post_tag","embeddable":true,"href":"https:\/\/revistazetta.com\/index.php?rest_route=%2Fwp%2Fv2%2Ftags&post=18066"}],"curies":[{"name":"wp","href":"https:\/\/api.w.org\/{rel}","templated":true}]}}