{"id":18067,"date":"2016-12-14T00:28:34","date_gmt":"2016-12-14T05:28:34","guid":{"rendered":"http:\/\/www.revistazetta.com\/?p=18067"},"modified":"2016-12-14T00:36:28","modified_gmt":"2016-12-14T05:36:28","slug":"18067","status":"publish","type":"post","link":"https:\/\/revistazetta.com\/?p=18067","title":{"rendered":"Alcald\u00eda lleva el microcr\u00e9dito hasta el barrio Olaya Herrera"},"content":{"rendered":"<p>Con el objeto de favorecer el mayor n\u00famero de familias en su esfuerzo por superar la pobreza extrema, la Alcald\u00eda de Cartagena en cabeza de Manolo Duque y a trav\u00e9s del Plan de Emergencia Social Pedro Romero (PES-PR), se realiz\u00f3 este mi\u00e9rcoles 14 de diciembre una Feria de Servicios Microfinacieros que tendr\u00e1 como escenario la Casa Cultural Estefan\u00eda Caicedo, conocida tambi\u00e9n como Biblioteca de La Puntilla.<\/p>\n<p>Javier Emilio Lora Jim\u00e9nez, director del PES-PR explic\u00f3 que en alianza con la Fundaci\u00f3n Encausa,la Alcald\u00eda de Cartagena por intermedio del subprograma de Bancarizaci\u00f3n y Ahorro del PES, llevar\u00e1 a la comunidad de Olaya Herrera, sector La Magdalena, la oferta  para el otorgamiento de microcr\u00e9ditos para el fortalecimiento de unidades de negocios.<\/p>\n<p>Asegur\u00f3 que con este programa el PES-PR llevar\u00e1 la oferta en materia de microcr\u00e9ditos de aliados estrat\u00e9gicos como Beneficios Econ\u00f3micos Peri\u00f3dicos-BEPS, Banco Agrario, Banco Caja Social, Banco Mundo Mujer, Banco wwb, Bancompartir, Fundaci\u00f3n de la Mujer, Fundaci\u00f3n Amanecer, Mario Santo Domingo y Fundaci\u00f3n Indufrial.<\/p>\n","protected":false},"excerpt":{"rendered":"<p>Con el objeto de favorecer el mayor n\u00famero de familias en su esfuerzo por superar la pobreza extrema, la Alcald\u00eda de Cartagena en cabeza de Manolo Duque y a trav\u00e9s del Plan de Emergencia Social Pedro Romero (PES-PR), se realiz\u00f3 este mi\u00e9rcoles 14 de diciembre una Feria de Servicios Microfinacieros que tendr\u00e1 como escenario la Casa Cultural Estefan\u00eda Caicedo, conocida tambi\u00e9n como Biblioteca de La Puntilla. Javier Emilio Lora Jim\u00e9nez, director del PES-PR explic\u00f3 que en alianza con la Fundaci\u00f3n Encausa,la Alcald\u00eda de Cartagena por intermedio del subprograma de Bancarizaci\u00f3n&#8230; <\/p>\n","protected":false},"author":3,"featured_media":18068,"comment_status":"open","ping_status":"closed","sticky":false,"template":"","format":"standard","meta":{"footnotes":"","_links_to":"","_links_to_target":""},"categories":[85],"tags":[],"class_list":["post-18067","post","type-post","status-publish","format-standard","has-post-thumbnail","hentry","category-cartagena"],"_links":{"self":[{"href":"https:\/\/revistazetta.com\/index.php?rest_route=\/wp\/v2\/posts\/18067","targetHints":{"allow":["GET"]}}],"collection":[{"href":"https:\/\/revistazetta.com\/index.php?rest_route=\/wp\/v2\/posts"}],"about":[{"href":"https:\/\/revistazetta.com\/index.php?rest_route=\/wp\/v2\/types\/post"}],"author":[{"embeddable":true,"href":"https:\/\/revistazetta.com\/index.php?rest_route=\/wp\/v2\/users\/3"}],"replies":[{"embeddable":true,"href":"https:\/\/revistazetta.com\/index.php?rest_route=%2Fwp%2Fv2%2Fcomments&post=18067"}],"version-history":[{"count":0,"href":"https:\/\/revistazetta.com\/index.php?rest_route=\/wp\/v2\/posts\/18067\/revisions"}],"wp:featuredmedia":[{"embeddable":true,"href":"https:\/\/revistazetta.com\/index.php?rest_route=\/wp\/v2\/media\/18068"}],"wp:attachment":[{"href":"https:\/\/revistazetta.com\/index.php?rest_route=%2Fwp%2Fv2%2Fmedia&parent=18067"}],"wp:term":[{"taxonomy":"category","embeddable":true,"href":"https:\/\/revistazetta.com\/index.php?rest_route=%2Fwp%2Fv2%2Fcategories&post=18067"},{"taxonomy":"post_tag","embeddable":true,"href":"https:\/\/revistazetta.com\/index.php?rest_route=%2Fwp%2Fv2%2Ftags&post=18067"}],"curies":[{"name":"wp","href":"https:\/\/api.w.org\/{rel}","templated":true}]}}