{"id":18069,"date":"2016-12-14T00:35:24","date_gmt":"2016-12-14T05:35:24","guid":{"rendered":"http:\/\/www.revistazetta.com\/?p=18069"},"modified":"2016-12-14T00:35:24","modified_gmt":"2016-12-14T05:35:24","slug":"bolivar-avanza-conmemora-la-semana-los-derechos-humanos","status":"publish","type":"post","link":"https:\/\/revistazetta.com\/?p=18069","title":{"rendered":"Bol\u00edvar Avanza conmemora \u201cla semana por los Derechos Humanos\u201d"},"content":{"rendered":"<p>En desarrollo de la celebraci\u00f3n de los derechos humanos, la Secretar\u00eda de Victimas y Derechos Humanos de Bol\u00edvar conmemora esta fecha promoviendo la garant\u00eda de los mismos. <\/p>\n<p>Con una campa\u00f1a de concientizaci\u00f3n dirigida a funcionarios y visitantes de la Gobernaci\u00f3n, la Secretar\u00eda de Victimas y Derechos Humanos de Bol\u00edvar, ampli\u00f3 el concepto sobre cada una de las dependencias, qu\u00e9 trabajan los derechos humanos en el departamento.<\/p>\n<p>Este jueves 15 de diciembre se llevar\u00e1 a cabo una actividad acad\u00e9mica, referente al \u201cBol\u00edvar Avanza hacia el respeto a la diversidad e inclusi\u00f3n\u201d en la que se fomentar\u00e1 el apoyo a los derechos de la comunidad LGBTI; tambi\u00e9n se desarrollar\u00e1 la instalaci\u00f3n de la mesa de prevenci\u00f3n del reclutamiento forzado y realizaci\u00f3n del comit\u00e9 unificado de lucha contra la trata de personas.<\/p>\n<p>La conmemoraci\u00f3n de \u201cla semana por los Derechos Humanos\u201d se extender\u00e1 hasta el d\u00eda 19 de diciembre, resalt\u00f3 Martha Reyes, Secretaria de Victimas y derechos humanos.<\/p>\n","protected":false},"excerpt":{"rendered":"<p>En desarrollo de la celebraci\u00f3n de los derechos humanos, la Secretar\u00eda de Victimas y Derechos Humanos de Bol\u00edvar conmemora esta fecha promoviendo la garant\u00eda de los mismos. Con una campa\u00f1a de concientizaci\u00f3n dirigida a funcionarios y visitantes de la Gobernaci\u00f3n, la Secretar\u00eda de Victimas y Derechos Humanos de Bol\u00edvar, ampli\u00f3 el concepto sobre cada una de las dependencias, qu\u00e9 trabajan los derechos humanos en el departamento. Este jueves 15 de diciembre se llevar\u00e1 a cabo una actividad acad\u00e9mica, referente al \u201cBol\u00edvar Avanza hacia el respeto a la diversidad e inclusi\u00f3n\u201d&#8230; <\/p>\n","protected":false},"author":3,"featured_media":18070,"comment_status":"open","ping_status":"closed","sticky":false,"template":"","format":"standard","meta":{"footnotes":"","_links_to":"","_links_to_target":""},"categories":[33],"tags":[],"class_list":["post-18069","post","type-post","status-publish","format-standard","has-post-thumbnail","hentry","category-actualidad-bolivar"],"_links":{"self":[{"href":"https:\/\/revistazetta.com\/index.php?rest_route=\/wp\/v2\/posts\/18069","targetHints":{"allow":["GET"]}}],"collection":[{"href":"https:\/\/revistazetta.com\/index.php?rest_route=\/wp\/v2\/posts"}],"about":[{"href":"https:\/\/revistazetta.com\/index.php?rest_route=\/wp\/v2\/types\/post"}],"author":[{"embeddable":true,"href":"https:\/\/revistazetta.com\/index.php?rest_route=\/wp\/v2\/users\/3"}],"replies":[{"embeddable":true,"href":"https:\/\/revistazetta.com\/index.php?rest_route=%2Fwp%2Fv2%2Fcomments&post=18069"}],"version-history":[{"count":0,"href":"https:\/\/revistazetta.com\/index.php?rest_route=\/wp\/v2\/posts\/18069\/revisions"}],"wp:featuredmedia":[{"embeddable":true,"href":"https:\/\/revistazetta.com\/index.php?rest_route=\/wp\/v2\/media\/18070"}],"wp:attachment":[{"href":"https:\/\/revistazetta.com\/index.php?rest_route=%2Fwp%2Fv2%2Fmedia&parent=18069"}],"wp:term":[{"taxonomy":"category","embeddable":true,"href":"https:\/\/revistazetta.com\/index.php?rest_route=%2Fwp%2Fv2%2Fcategories&post=18069"},{"taxonomy":"post_tag","embeddable":true,"href":"https:\/\/revistazetta.com\/index.php?rest_route=%2Fwp%2Fv2%2Ftags&post=18069"}],"curies":[{"name":"wp","href":"https:\/\/api.w.org\/{rel}","templated":true}]}}