{"id":18083,"date":"2016-12-14T13:48:53","date_gmt":"2016-12-14T18:48:53","guid":{"rendered":"http:\/\/www.revistazetta.com\/?p=18083"},"modified":"2016-12-14T13:48:53","modified_gmt":"2016-12-14T18:48:53","slug":"se-percibe-comienzo-ano-dificil-comercio","status":"publish","type":"post","link":"https:\/\/revistazetta.com\/?p=18083","title":{"rendered":"Se percibe un comienzo de a\u00f1o muy dif\u00edcil para el comercio"},"content":{"rendered":"<p>Con base en informaci\u00f3n proporcionada por Fenalco, persiste la incertidumbre y se percibe un comienzo de a\u00f1o muy dif\u00edcil para el comercio por el efecto de la Reforma Tributaria sobre los consumos.<\/p>\n<p>Seg\u00fan encuestas realizadas al gremio, en noviembre del 2016 al parecer hubo una reactivaci\u00f3n focalizada en las ventas del comercio. El 34% de los comerciantes logr\u00f3 aumentar su volumen de ventas, un 45% los mantuvo y para el 23% descendieron, en relaci\u00f3n con el mismo mes del a\u00f1o pasado. Las ventas por internet animaron el ambiente gracias al viernes negro (el 25 de noviembre) y al \u201ccyberlunes\u201d (28). <\/p>\n<p>A pesar de esto, ahora las cifras del comercio minorista evidencian la desaceleraci\u00f3n de la econom\u00eda. La mayor\u00eda de grupos presentan variaciones inferiores a las de hace un a\u00f1o. Tal es el caso de los art\u00edculos de uso dom\u00e9stico y los productos aseo personal que el a\u00f1o pasado presentaban variaciones de 7,0% y 8,4% y este a\u00f1o caen en -1,8% y -3,2% hasta septiembre, respectivamente. Se cree que este \u00faltimo grupo en particular, puede estar vi\u00e9ndose afectado por el incremento en las ventas por cat\u00e1logo de estos bienes que realizan empresas como Yanbal, Avon, Natura, entre otras, cuyas ventas no pueden registrarse en la encuesta de comercio, y que han venido quit\u00e1ndole espacio a las ventas en la tienda f\u00edsica. <\/p>\n<p>Otro sector que se ha visto fuertemente afectado son las ferreter\u00edas que presentaban variaciones el a\u00f1o pasado de 18,7% y este a\u00f1o caen en -0,3%. Este mal desempe\u00f1o de explica por la desaceleraci\u00f3n del sector de la construcci\u00f3n, particularmente el de vivienda, esto si tenemos en cuenta que el \u00e1rea aprobada bajo licencias de construcci\u00f3n cae en -19,2% y para vivienda en -18% en el periodo enero-septiembre. Esperamos que el a\u00f1o entrante la din\u00e1mica del sector de la construcci\u00f3n mejore con las pol\u00edticas de vivienda de inter\u00e9s social y los subsidios a la tasas de inter\u00e9s que promueve el gobierno.<\/p>\n<p>Otros sectores que ten\u00edan buen desempe\u00f1o en 2015 pero que este a\u00f1o van en ca\u00edda, es calzado y art\u00edculos de cuero. Veh\u00edculos automotores que lleva dos a\u00f1os presentando variaciones negativas. Y el \u00fanico grupo que no se ha visto afectado por esta desaceleraci\u00f3n, libros, revistas, papeler\u00edas y \u00fatiles escolares que este a\u00f1o presenta variaciones de 3,8%, a pesar de que el a\u00f1o pasado ca\u00eda en -0,9%. <\/p>\n<p>En los \u00faltimos dos a\u00f1os presentan variaciones positivas, aunque en el presente con menor intensidad son alimentos cuyas ventas en 2015 crec\u00edan 5.3% y en este a\u00f1o lo hacen en apenas 1.9%. Las ventas de ropa crec\u00edan al 6.8% y en este a\u00f1o un 4.1%, Las ventas de PC, celulares, TV, sonido y electrodom\u00e9sticos y gasodom\u00e9sticos crecen este a\u00f1o, hasta septiembre, un l\u00e1nguido 1.9%.  <\/p>\n","protected":false},"excerpt":{"rendered":"<p>Con base en informaci\u00f3n proporcionada por Fenalco, persiste la incertidumbre y se percibe un comienzo de a\u00f1o muy dif\u00edcil para el comercio por el efecto de la Reforma Tributaria sobre los consumos. Seg\u00fan encuestas realizadas al gremio, en noviembre del 2016 al parecer hubo una reactivaci\u00f3n focalizada en las ventas del comercio. El 34% de los comerciantes logr\u00f3 aumentar su volumen de ventas, un 45% los mantuvo y para el 23% descendieron, en relaci\u00f3n con el mismo mes del a\u00f1o pasado. Las ventas por internet animaron el ambiente gracias al&#8230; <\/p>\n","protected":false},"author":3,"featured_media":0,"comment_status":"open","ping_status":"closed","sticky":false,"template":"","format":"standard","meta":{"footnotes":"","_links_to":"","_links_to_target":""},"categories":[50],"tags":[],"class_list":["post-18083","post","type-post","status-publish","format-standard","hentry","category-empresa"],"_links":{"self":[{"href":"https:\/\/revistazetta.com\/index.php?rest_route=\/wp\/v2\/posts\/18083","targetHints":{"allow":["GET"]}}],"collection":[{"href":"https:\/\/revistazetta.com\/index.php?rest_route=\/wp\/v2\/posts"}],"about":[{"href":"https:\/\/revistazetta.com\/index.php?rest_route=\/wp\/v2\/types\/post"}],"author":[{"embeddable":true,"href":"https:\/\/revistazetta.com\/index.php?rest_route=\/wp\/v2\/users\/3"}],"replies":[{"embeddable":true,"href":"https:\/\/revistazetta.com\/index.php?rest_route=%2Fwp%2Fv2%2Fcomments&post=18083"}],"version-history":[{"count":0,"href":"https:\/\/revistazetta.com\/index.php?rest_route=\/wp\/v2\/posts\/18083\/revisions"}],"wp:attachment":[{"href":"https:\/\/revistazetta.com\/index.php?rest_route=%2Fwp%2Fv2%2Fmedia&parent=18083"}],"wp:term":[{"taxonomy":"category","embeddable":true,"href":"https:\/\/revistazetta.com\/index.php?rest_route=%2Fwp%2Fv2%2Fcategories&post=18083"},{"taxonomy":"post_tag","embeddable":true,"href":"https:\/\/revistazetta.com\/index.php?rest_route=%2Fwp%2Fv2%2Ftags&post=18083"}],"curies":[{"name":"wp","href":"https:\/\/api.w.org\/{rel}","templated":true}]}}