{"id":1826,"date":"2014-07-14T19:20:09","date_gmt":"2014-07-15T00:20:09","guid":{"rendered":"http:\/\/www.revistazetta.com\/?p=1826"},"modified":"2014-07-14T19:20:09","modified_gmt":"2014-07-15T00:20:09","slug":"no-regalare-ni-un-centimetro-cuadrado-dice-gerente-de-edurbe","status":"publish","type":"post","link":"https:\/\/revistazetta.com\/?p=1826","title":{"rendered":"\u201cNo regalar\u00e9 ni un cent\u00edmetro cuadrado\u201d, dice gerente de Edurbe"},"content":{"rendered":"<p>Edurbe no regalar\u00e1 ni un cent\u00edmetro cuadrado de sus lotes de terreno y continuar\u00e1 denunciando a quienes pretenden perturbar sus tierras.<\/p>\n<p>As\u00ed defendi\u00f3 el gerente de la entidad, Ram\u00f3n David Exp\u00f3sito, el proceso de venta de un lote en el Cabrero, donde un particular no solo ha perturbado una parte sino pretende m\u00e1s. \u201cEsto me ha valido enemistades, pero mi convicci\u00f3n y deber es denunciar todas las anomal\u00edas encontradas en Edurbe\u201d, dijo.<\/p>\n<p>En una sesi\u00f3n del Concejo, donde acudi\u00f3 en calidad de invitado para permitir ventilar este asunto en este espacio pol\u00edtico, Exp\u00f3sito explic\u00f3 que el proceso de venta del lote inici\u00f3 hace a\u00f1o y tres meses, con la autorizaci\u00f3n de su Junta Directiva, como una estrategia para obtener liquidez directa y as\u00ed afrontar obligaciones.<\/p>\n<p>El lote tiene 4.200 metros cuadrados, pero 902 de ellos est\u00e1n perturbados, por lo que solo se est\u00e1n ofreciendo en venta 3.298 metros. El aval\u00fao fue hecho por la Sociedad Colombiana de Arquitectos en Lonja Inmobiliaria por valor aproximado de $2.054.000 metro cuadrado, y que da como resultado un valor aproximado de $6.776 millones. \u201cEs un buen aval\u00fao, mucho mejor si se tiene en cuenta que la burbuja inmobiliaria de Cartagena ya se desinfl\u00f3 y que es cercana la diferencia con el valor del metro construido en la zona\u201d, precis\u00f3 el gerente de Edurbe.<\/p>\n<p>El proceso ha sido apegado a la ley que aplica sobre Edurbe, que es una entidad que se rige por el derecho privado, que ha ido m\u00e1s all\u00e1 de sus obligaciones y, m\u00e1s que entablar negociaciones con una sola firma, ha abierto la posibilidad a tres ofertantes, para escoger la mejor de las propuestas. Todo lo anterior con la debida publicidad y transparencia, dentro de los criterios de eficiencia y responsabilidad que Exp\u00f3sito V\u00e9lez exige en dicha empresa.<\/p>\n<p>Todo el proceso se ha sustentado en exigentes estudios previos, tanto t\u00e9cnicos, financieros como comerciales, y adem\u00e1s desde febrero pasado se ofici\u00f3 a la Contralor\u00eda y la Procuradur\u00eda para solicitar acompa\u00f1amiento.<\/p>\n<p>Desde su posesi\u00f3n en el cargo, en octubre de 2012, Exp\u00f3sito ha puesto en conocimiento de estos organismos de control y la Fiscal\u00eda, toda situaci\u00f3n an\u00f3mala encontrada, a la par que ha desplegado toda una estrategia administrativa para el rescate de Edurbe en funcionamiento, operaci\u00f3n, inversi\u00f3n y deuda.<\/p>\n<p>El gerente de Edurbe considera que la sesi\u00f3n en el Concejo fue de gran utilidad, porque se presentaron puntos de vista y sugerencias de enorme val\u00eda, que se incorporar\u00e1n en armon\u00eda con las directrices de la Junta Directiva y el ordenamiento legal aplicable a la entidad.<\/p>\n<p>Edurbe est\u00e1 en situaci\u00f3n de iliquidez y tiene embargos por actuaciones contractuales de otras administraciones, por lo que resulta prioritaria esta operaci\u00f3n, aprobada desde el a\u00f1o pasado por la Junta Directiva.<\/p>\n<p>Los recursos producidos por la venta del lote van en primer momento destinado a inversi\u00f3n para solventar el reinicio de obras priorizadas en la junta directiva tales como las instituciones educativas oficiales, acreencias con proveedores y contratistas y para operaci\u00f3n y funcionamiento.<\/p>\n<p>&nbsp;<\/p>\n<p>La informaci\u00f3n que utilizaron de soporte los concejales fue bajada de a p\u00e1gina web de Edurbe S.A., por lo que se demuestra que s\u00ed hubo publicidad y transparencia en el proceso de venta del lote, dando cumplimiento a los principios de la funci\u00f3n administrativa.<\/p>\n","protected":false},"excerpt":{"rendered":"<p>Edurbe no regalar\u00e1 ni un cent\u00edmetro cuadrado de sus lotes de terreno y continuar\u00e1 denunciando a quienes pretenden perturbar sus tierras. As\u00ed defendi\u00f3 el gerente de la entidad, Ram\u00f3n David Exp\u00f3sito, el proceso de venta de un lote en el Cabrero, donde un particular no solo ha perturbado una parte sino pretende m\u00e1s. \u201cEsto me ha valido enemistades, pero mi convicci\u00f3n y deber es denunciar todas las anomal\u00edas encontradas en Edurbe\u201d, dijo. En una sesi\u00f3n del Concejo, donde acudi\u00f3 en calidad de invitado para permitir ventilar este asunto en este&#8230; <\/p>\n","protected":false},"author":3,"featured_media":1827,"comment_status":"closed","ping_status":"closed","sticky":false,"template":"","format":"standard","meta":{"footnotes":"","_links_to":"","_links_to_target":""},"categories":[2,32],"tags":[],"class_list":["post-1826","post","type-post","status-publish","format-standard","has-post-thumbnail","hentry","category-actualidad","category-actualidad-distrito"],"_links":{"self":[{"href":"https:\/\/revistazetta.com\/index.php?rest_route=\/wp\/v2\/posts\/1826","targetHints":{"allow":["GET"]}}],"collection":[{"href":"https:\/\/revistazetta.com\/index.php?rest_route=\/wp\/v2\/posts"}],"about":[{"href":"https:\/\/revistazetta.com\/index.php?rest_route=\/wp\/v2\/types\/post"}],"author":[{"embeddable":true,"href":"https:\/\/revistazetta.com\/index.php?rest_route=\/wp\/v2\/users\/3"}],"replies":[{"embeddable":true,"href":"https:\/\/revistazetta.com\/index.php?rest_route=%2Fwp%2Fv2%2Fcomments&post=1826"}],"version-history":[{"count":0,"href":"https:\/\/revistazetta.com\/index.php?rest_route=\/wp\/v2\/posts\/1826\/revisions"}],"wp:featuredmedia":[{"embeddable":true,"href":"https:\/\/revistazetta.com\/index.php?rest_route=\/wp\/v2\/media\/1827"}],"wp:attachment":[{"href":"https:\/\/revistazetta.com\/index.php?rest_route=%2Fwp%2Fv2%2Fmedia&parent=1826"}],"wp:term":[{"taxonomy":"category","embeddable":true,"href":"https:\/\/revistazetta.com\/index.php?rest_route=%2Fwp%2Fv2%2Fcategories&post=1826"},{"taxonomy":"post_tag","embeddable":true,"href":"https:\/\/revistazetta.com\/index.php?rest_route=%2Fwp%2Fv2%2Ftags&post=1826"}],"curies":[{"name":"wp","href":"https:\/\/api.w.org\/{rel}","templated":true}]}}