{"id":18289,"date":"2016-12-25T20:46:30","date_gmt":"2016-12-26T01:46:30","guid":{"rendered":"http:\/\/www.revistazetta.com\/?p=18289"},"modified":"2016-12-25T20:46:30","modified_gmt":"2016-12-26T01:46:30","slug":"secretario-educacion-alegro-la-navidad-ninos-matuya","status":"publish","type":"post","link":"https:\/\/revistazetta.com\/?p=18289","title":{"rendered":"Secretario de educaci\u00f3n alegr\u00f3 la Navidad a ni\u00f1os en Matuya"},"content":{"rendered":"<p>Balones, carros, mu\u00f1ecas y juegos did\u00e1cticos, recibieron 300 ni\u00f1os y ni\u00f1as en condici\u00f3n de vulnerabilidad de la vereda Paso el Medio, corregimiento de Matuya, municipio de Mar\u00edalabaja, que estudian en la instituci\u00f3n educativa Santa Fe de Icotea, destacado recientemente por el Ministerio de Educaci\u00f3n Nacional, por liderar proyectos que generan impacto y transformaci\u00f3n en el aula de clase.<\/p>\n<p><img loading=\"lazy\" decoding=\"async\" src=\"https:\/\/www.revistazetta.com\/wp-content\/uploads\/2016\/12\/SERN3-300x187.jpg\" alt=\"sern3\" width=\"300\" height=\"187\" class=\"alignright size-medium wp-image-18292\" srcset=\"https:\/\/revistazetta.com\/wp-content\/uploads\/2016\/12\/SERN3-300x187.jpg 300w, https:\/\/revistazetta.com\/wp-content\/uploads\/2016\/12\/SERN3-234x146.jpg 234w, https:\/\/revistazetta.com\/wp-content\/uploads\/2016\/12\/SERN3-50x31.jpg 50w, https:\/\/revistazetta.com\/wp-content\/uploads\/2016\/12\/SERN3-120x75.jpg 120w, https:\/\/revistazetta.com\/wp-content\/uploads\/2016\/12\/SERN3.jpg 570w\" sizes=\"auto, (max-width: 300px) 100vw, 300px\" \/><\/p>\n<p><img loading=\"lazy\" decoding=\"async\" src=\"https:\/\/www.revistazetta.com\/wp-content\/uploads\/2016\/12\/SERN1-300x187.jpg\" alt=\"sern1\" width=\"300\" height=\"187\" class=\"alignright size-medium wp-image-18291\" srcset=\"https:\/\/revistazetta.com\/wp-content\/uploads\/2016\/12\/SERN1-300x187.jpg 300w, https:\/\/revistazetta.com\/wp-content\/uploads\/2016\/12\/SERN1-234x146.jpg 234w, https:\/\/revistazetta.com\/wp-content\/uploads\/2016\/12\/SERN1-50x31.jpg 50w, https:\/\/revistazetta.com\/wp-content\/uploads\/2016\/12\/SERN1-120x75.jpg 120w, https:\/\/revistazetta.com\/wp-content\/uploads\/2016\/12\/SERN1.jpg 570w\" sizes=\"auto, (max-width: 300px) 100vw, 300px\" \/><\/p>\n<p><img loading=\"lazy\" decoding=\"async\" src=\"https:\/\/www.revistazetta.com\/wp-content\/uploads\/2016\/12\/SERN-300x187.jpg\" alt=\"sern\" width=\"300\" height=\"187\" class=\"alignright size-medium wp-image-18290\" srcset=\"https:\/\/revistazetta.com\/wp-content\/uploads\/2016\/12\/SERN-300x187.jpg 300w, https:\/\/revistazetta.com\/wp-content\/uploads\/2016\/12\/SERN-234x146.jpg 234w, https:\/\/revistazetta.com\/wp-content\/uploads\/2016\/12\/SERN-50x31.jpg 50w, https:\/\/revistazetta.com\/wp-content\/uploads\/2016\/12\/SERN-120x75.jpg 120w, https:\/\/revistazetta.com\/wp-content\/uploads\/2016\/12\/SERN.jpg 570w\" sizes=\"auto, (max-width: 300px) 100vw, 300px\" \/><br \/>\nDuarante la entrega de los regalos, el secretario de Educaci\u00f3n de Bol\u00edvar, Manuel Antonio Azuero Angulo, aseguro: \u201cLo hacemos con el mayor agrado y en nombre de la administraci\u00f3n del \u201cBol\u00edvar  S\u00cd Avanza\u201d que lidera el gobernador Dumek Turbay Paz, como parte del compromiso adquirido de contribuir al desarrollo social de las comunidades m\u00e1s apartadas y vulneradas del departamento.<\/p>\n<p>El secretario tambi\u00e9n manifest\u00f3 que en  el 2017 la educaci\u00f3n del departamento tendr\u00e1 una din\u00e1mica diferente para mejorar los indicadores  de Calidad Educativa en cada una de las 224 Instituciones Educativas del Bol\u00edvar, \u201cvamos a cualificar a nuestros docentes para que los ni\u00f1os, ni\u00f1as y j\u00f3venes impacten positivamente y mejoren los resultados de las pruebas Saber\u201d, dijo.<\/p>\n","protected":false},"excerpt":{"rendered":"<p>Balones, carros, mu\u00f1ecas y juegos did\u00e1cticos, recibieron 300 ni\u00f1os y ni\u00f1as en condici\u00f3n de vulnerabilidad de la vereda Paso el Medio, corregimiento de Matuya, municipio de Mar\u00edalabaja, que estudian en la instituci\u00f3n educativa Santa Fe de Icotea, destacado recientemente por el Ministerio de Educaci\u00f3n Nacional, por liderar proyectos que generan impacto y transformaci\u00f3n en el aula de clase. Duarante la entrega de los regalos, el secretario de Educaci\u00f3n de Bol\u00edvar, Manuel Antonio Azuero Angulo, aseguro: \u201cLo hacemos con el mayor agrado y en nombre de la administraci\u00f3n del \u201cBol\u00edvar S\u00cd&#8230; <\/p>\n","protected":false},"author":3,"featured_media":18293,"comment_status":"open","ping_status":"closed","sticky":false,"template":"","format":"standard","meta":{"footnotes":"","_links_to":"","_links_to_target":""},"categories":[33,83],"tags":[],"class_list":["post-18289","post","type-post","status-publish","format-standard","has-post-thumbnail","hentry","category-actualidad-bolivar","category-municipios"],"_links":{"self":[{"href":"https:\/\/revistazetta.com\/index.php?rest_route=\/wp\/v2\/posts\/18289","targetHints":{"allow":["GET"]}}],"collection":[{"href":"https:\/\/revistazetta.com\/index.php?rest_route=\/wp\/v2\/posts"}],"about":[{"href":"https:\/\/revistazetta.com\/index.php?rest_route=\/wp\/v2\/types\/post"}],"author":[{"embeddable":true,"href":"https:\/\/revistazetta.com\/index.php?rest_route=\/wp\/v2\/users\/3"}],"replies":[{"embeddable":true,"href":"https:\/\/revistazetta.com\/index.php?rest_route=%2Fwp%2Fv2%2Fcomments&post=18289"}],"version-history":[{"count":0,"href":"https:\/\/revistazetta.com\/index.php?rest_route=\/wp\/v2\/posts\/18289\/revisions"}],"wp:featuredmedia":[{"embeddable":true,"href":"https:\/\/revistazetta.com\/index.php?rest_route=\/wp\/v2\/media\/18293"}],"wp:attachment":[{"href":"https:\/\/revistazetta.com\/index.php?rest_route=%2Fwp%2Fv2%2Fmedia&parent=18289"}],"wp:term":[{"taxonomy":"category","embeddable":true,"href":"https:\/\/revistazetta.com\/index.php?rest_route=%2Fwp%2Fv2%2Fcategories&post=18289"},{"taxonomy":"post_tag","embeddable":true,"href":"https:\/\/revistazetta.com\/index.php?rest_route=%2Fwp%2Fv2%2Ftags&post=18289"}],"curies":[{"name":"wp","href":"https:\/\/api.w.org\/{rel}","templated":true}]}}