{"id":18298,"date":"2016-12-26T13:05:56","date_gmt":"2016-12-26T18:05:56","guid":{"rendered":"http:\/\/www.revistazetta.com\/?p=18298"},"modified":"2016-12-27T07:26:49","modified_gmt":"2016-12-27T12:26:49","slug":"6-enero-va-horario-extendido-las-rutas-pozon-blas-lezo-transcaribe","status":"publish","type":"post","link":"https:\/\/revistazetta.com\/?p=18298","title":{"rendered":"Hasta el 9 de enero va horario extendido de las rutas El Poz\u00f3n y Blas de Lezo, de Transcaribe"},"content":{"rendered":"<p>Hasta el 9 de enero se ampli\u00f3 el horario de servicio navide\u00f1o del sistema integrado de transporte masivo Transcaribe, que empez\u00f3 a regir desde el pasado martes 13 de diciembre y que inicialmente se hab\u00eda establecido hasta el 24 del mismo mes.<\/p>\n<p>El gerente de Transcaribe, Humberto Ripoll, dijo que tras un an\u00e1lisis del comportamiento de los usuarios y las cifras sobre el transporte de pasajeros y movilidad durante los horarios extendidos para esta \u00e9poca de vacaciones, el alcalde Manuel Vicente Duque, durante el desarrollo del consejo de Gobierno, decidi\u00f3 ampliar la permanencia del horario especial de navidad.<\/p>\n<p>Debido a esto las rutas alimentadoras de El Poz\u00f3n y Blas de Lezo seguir\u00e1n prestando el servicio desde las 5 a.m. hasta las 10:30 p.m. a excepci\u00f3n de los s\u00e1bados que cerrar\u00e1 operaciones a las 10 p.m. mientras que las rutas de Crespo, Bocagrande y Variante seguir\u00e1n cerrando a las 9p.m. Los domingos el cierre es a las 8 p.m. como es habitual para todas las rutas.<\/p>\n<p>Ripoll asegur\u00f3 que el 9 de enero se har\u00e1 otro balance del comportamiento del servicio y de las cifras y determinar si es conveniente dejar permanente el horario extendido.<\/p>\n","protected":false},"excerpt":{"rendered":"<p>Hasta el 9 de enero se ampli\u00f3 el horario de servicio navide\u00f1o del sistema integrado de transporte masivo Transcaribe, que empez\u00f3 a regir desde el pasado martes 13 de diciembre y que inicialmente se hab\u00eda establecido hasta el 24 del mismo mes. El gerente de Transcaribe, Humberto Ripoll, dijo que tras un an\u00e1lisis del comportamiento de los usuarios y las cifras sobre el transporte de pasajeros y movilidad durante los horarios extendidos para esta \u00e9poca de vacaciones, el alcalde Manuel Vicente Duque, durante el desarrollo del consejo de Gobierno, decidi\u00f3&#8230; <\/p>\n","protected":false},"author":3,"featured_media":18304,"comment_status":"open","ping_status":"closed","sticky":false,"template":"","format":"standard","meta":{"footnotes":"","_links_to":"","_links_to_target":""},"categories":[87,75],"tags":[],"class_list":["post-18298","post","type-post","status-publish","format-standard","has-post-thumbnail","hentry","category-movilidad","category-destacada"],"_links":{"self":[{"href":"https:\/\/revistazetta.com\/index.php?rest_route=\/wp\/v2\/posts\/18298","targetHints":{"allow":["GET"]}}],"collection":[{"href":"https:\/\/revistazetta.com\/index.php?rest_route=\/wp\/v2\/posts"}],"about":[{"href":"https:\/\/revistazetta.com\/index.php?rest_route=\/wp\/v2\/types\/post"}],"author":[{"embeddable":true,"href":"https:\/\/revistazetta.com\/index.php?rest_route=\/wp\/v2\/users\/3"}],"replies":[{"embeddable":true,"href":"https:\/\/revistazetta.com\/index.php?rest_route=%2Fwp%2Fv2%2Fcomments&post=18298"}],"version-history":[{"count":0,"href":"https:\/\/revistazetta.com\/index.php?rest_route=\/wp\/v2\/posts\/18298\/revisions"}],"wp:featuredmedia":[{"embeddable":true,"href":"https:\/\/revistazetta.com\/index.php?rest_route=\/wp\/v2\/media\/18304"}],"wp:attachment":[{"href":"https:\/\/revistazetta.com\/index.php?rest_route=%2Fwp%2Fv2%2Fmedia&parent=18298"}],"wp:term":[{"taxonomy":"category","embeddable":true,"href":"https:\/\/revistazetta.com\/index.php?rest_route=%2Fwp%2Fv2%2Fcategories&post=18298"},{"taxonomy":"post_tag","embeddable":true,"href":"https:\/\/revistazetta.com\/index.php?rest_route=%2Fwp%2Fv2%2Ftags&post=18298"}],"curies":[{"name":"wp","href":"https:\/\/api.w.org\/{rel}","templated":true}]}}