{"id":18388,"date":"2016-12-30T06:56:15","date_gmt":"2016-12-30T11:56:15","guid":{"rendered":"http:\/\/www.revistazetta.com\/?p=18388"},"modified":"2016-12-30T06:56:15","modified_gmt":"2016-12-30T11:56:15","slug":"plaza-los-estudiantes-esta-siendo-ocupada-manera-legal-alcaldia","status":"publish","type":"post","link":"https:\/\/revistazetta.com\/?p=18388","title":{"rendered":"\u00abPlaza de los Estudiantes est\u00e1 siendo ocupada de manera legal\u00bb: Alcald\u00eda"},"content":{"rendered":"<p>Ante las recientes inconformidades, quejas y citaciones para protestas en torno a la ocupaci\u00f3n de la plaza de Los Estudiantes, en el Centro Hist\u00f3rico, la Alcald\u00eda de Cartagena asegura a la ciudadan\u00eda que dicha ocupaci\u00f3n se est\u00e1 dando de manera legal y amparada bajo las normas nacionales y locales que permiten hacer aprovechamiento econ\u00f3mico de algunas plazas de la ciudad.<\/p>\n<p>\u201cLa ocupaci\u00f3n que se est\u00e1 haciendo actualmente es completamente legal, es una ocupaci\u00f3n con fundamento en una licencia de ocupaci\u00f3n de espacio p\u00fablico que expidi\u00f3 la Secretar\u00eda de Planeaci\u00f3n Distrital en el mes de abril de este a\u00f1o\u201d, aclar\u00f3 Carolina Lenes, gerente de Espacio P\u00fablico y Movilidad.<\/p>\n<p>A ra\u00edz de esa licencia, la 2299 del 18 de abril de 2016, se hizo un contrato con la Gerencia  de Espacio P\u00fablico, el cual se viene ejecutando desde el mes de junio y est\u00e1 vigente durante 24 meses prorrogables por un a\u00f1o m\u00e1s.<br \/>\nActualmente la plaza de Los Estudiantes se encuentra reglamentada para su aprovechamiento econ\u00f3mico de acuerdo con el decreto 1674 del 22 de diciembre de 2015 en el que se dispone el 18,90% de la plaza para esta actividad, es decir 55,80 metros cuadrados para la ubicaci\u00f3n de mobiliario.<\/p>\n<p>La Alcald\u00eda de Cartagena hace un llamado a la ciudadan\u00eda para que la ciudadan\u00eda se asesore con el Distrito sobre las situaciones o inconformidades que tienen respecto al espacio p\u00fablico y si presentan alguna objeci\u00f3n en contra de la licencia, las presenten por las v\u00edas administrativas o judiciales que correspondan, pero evitar acudir a las v\u00edas de hecho.<\/p>\n<p>Asegura tambi\u00e9n la Administraci\u00f3n que la ocupaci\u00f3n que en el momento hace el Restaurante Alma en la plaza de Los Estudiantes es temporal y lo hacen de 7 a 12 de la noche, por lo que, de acuerdo con Carolina Lenes, no se le debe llamar privatizaci\u00f3n del espacio p\u00fablico, \u201cno se impide el libre tr\u00e1nsito de las personas y tampoco se le otorga ning\u00fan t\u00edtulo ni derecho a la persona  beneficiaria de la licencia, es solo un uso que se le puede dar de acuerdo a la normativa local y nacional pero sin que ello signifique derecho alguno sobre el espacio\u201d, dijo la funcionaria.<\/p>\n","protected":false},"excerpt":{"rendered":"<p>Ante las recientes inconformidades, quejas y citaciones para protestas en torno a la ocupaci\u00f3n de la plaza de Los Estudiantes, en el Centro Hist\u00f3rico, la Alcald\u00eda de Cartagena asegura a la ciudadan\u00eda que dicha ocupaci\u00f3n se est\u00e1 dando de manera legal y amparada bajo las normas nacionales y locales que permiten hacer aprovechamiento econ\u00f3mico de algunas plazas de la ciudad. \u201cLa ocupaci\u00f3n que se est\u00e1 haciendo actualmente es completamente legal, es una ocupaci\u00f3n con fundamento en una licencia de ocupaci\u00f3n de espacio p\u00fablico que expidi\u00f3 la Secretar\u00eda de Planeaci\u00f3n Distrital&#8230; <\/p>\n","protected":false},"author":3,"featured_media":0,"comment_status":"open","ping_status":"closed","sticky":false,"template":"","format":"standard","meta":{"footnotes":"","_links_to":"","_links_to_target":""},"categories":[85],"tags":[],"class_list":["post-18388","post","type-post","status-publish","format-standard","hentry","category-cartagena"],"_links":{"self":[{"href":"https:\/\/revistazetta.com\/index.php?rest_route=\/wp\/v2\/posts\/18388","targetHints":{"allow":["GET"]}}],"collection":[{"href":"https:\/\/revistazetta.com\/index.php?rest_route=\/wp\/v2\/posts"}],"about":[{"href":"https:\/\/revistazetta.com\/index.php?rest_route=\/wp\/v2\/types\/post"}],"author":[{"embeddable":true,"href":"https:\/\/revistazetta.com\/index.php?rest_route=\/wp\/v2\/users\/3"}],"replies":[{"embeddable":true,"href":"https:\/\/revistazetta.com\/index.php?rest_route=%2Fwp%2Fv2%2Fcomments&post=18388"}],"version-history":[{"count":0,"href":"https:\/\/revistazetta.com\/index.php?rest_route=\/wp\/v2\/posts\/18388\/revisions"}],"wp:attachment":[{"href":"https:\/\/revistazetta.com\/index.php?rest_route=%2Fwp%2Fv2%2Fmedia&parent=18388"}],"wp:term":[{"taxonomy":"category","embeddable":true,"href":"https:\/\/revistazetta.com\/index.php?rest_route=%2Fwp%2Fv2%2Fcategories&post=18388"},{"taxonomy":"post_tag","embeddable":true,"href":"https:\/\/revistazetta.com\/index.php?rest_route=%2Fwp%2Fv2%2Ftags&post=18388"}],"curies":[{"name":"wp","href":"https:\/\/api.w.org\/{rel}","templated":true}]}}