{"id":18389,"date":"2016-12-30T07:17:14","date_gmt":"2016-12-30T12:17:14","guid":{"rendered":"http:\/\/www.revistazetta.com\/?p=18389"},"modified":"2016-12-30T10:27:14","modified_gmt":"2016-12-30T15:27:14","slug":"ipcc-invita-disfrutar-agenda-cultural-parque-centenario","status":"publish","type":"post","link":"https:\/\/revistazetta.com\/?p=18389","title":{"rendered":"IPCC invita a disfrutar agenda cultural en el Parque Centenario"},"content":{"rendered":"<p>La Alcald\u00eda de Cartagena, a trav\u00e9s de la Escuela Taller Cartagena de Indias y el Instituto de Patrimonio y Cultura de Cartagena (IPCC) invita a la poblaci\u00f3n cartagenera y turistas a disfrutar de la agenda cultural para reactivar el parque Centenario que se realizar\u00e1 del 29 de diciembre al 9 de enero de 2017.<\/p>\n<p>El objetivo de esta iniciativa del gobierno de Primero la Gente es lograr la reactivaci\u00f3n del ic\u00f3nico parque Centenario para el disfrute de cartageneros y turistas.<\/p>\n<p>\u201cSe extiende la invitaci\u00f3n a todos los cartageneros y a quienes nos visitan en estos d\u00edas en la ciudad para recibir el nuevo a\u00f1o, a que disfruten en el lugar m\u00e1s emblem\u00e1tico de la ciudad que es el Centro Hist\u00f3rico, y en el parque Centenario de todo el talento art\u00edstico, valor cultural y de las distintas expresiones de la identidad cartagenera, a trav\u00e9s de la danza, y otras manifestaciones art\u00edsticas. Va a ser un placer que todos puedan estar, y los esperamos para que de la mano de aAlcald\u00eda de Cartagena, Escuela Taller e IPCC puedan disfrutar esta temporada en paz y en alegr\u00eda\u201d, afirm\u00f3 la directora del IPCC Berta Arnedo.<\/p>\n<p>La agenda cultural comprende teatro, danza, baile, grupos folcl\u00f3ricos, urbanos, entre otros. Esta es la programaci\u00f3n completa:<\/p>\n<p><strong>Jueves 29 de diciembre de 2016<\/strong><\/p>\n<p>Presentaci\u00f3n de la Obra: \u2018Comedia Tropical\u2019<\/p>\n<p>De la compa\u00f1\u00eda Teatro Estable Aguij\u00f3n<\/p>\n<p><strong>Viernes 30 de diciembre de 2016<\/strong><\/p>\n<p>Banda Provincianos<\/p>\n<p>Orquesta Charanga La Fe<\/p>\n<p>Open Mind Groove<\/p>\n<p><strong>S\u00e1bado 31 de diciembre de 2016<\/strong><\/p>\n<p>Grupo Caramelo<\/p>\n<p>Grupo Kalamar\u00ed<\/p>\n<p><strong>Domingo 1 de enero de 2017<\/strong><\/p>\n<p>Grupo Lingala<\/p>\n<p>Open Mind Groove<\/p>\n<p><strong>Lunes 2 de enero de 2016<\/strong><\/p>\n<p>Noche de poemas y lecturas dramatizadas con la Asociaci\u00f3n Distrital de Teatristas de Cartagena (Aditeicar)<\/p>\n<p><strong>Martes 3 de enero de 2017<\/strong><\/p>\n<p>Pintura en Acci\u00f3n con Jean Pier<\/p>\n<p>Pintura Corporal con Maritza Z\u00fa\u00f1iga<\/p>\n<p><strong>Mi\u00e9rcoles 4 de enero de 2017<\/strong><\/p>\n<p>Grupo folcl\u00f3rico Asunto de Muj\u00e9<\/p>\n<p>Grupo Canel\u00e9 Caribe<\/p>\n<p><strong>Jueves 5 de enero de 2017<\/strong><\/p>\n<p>T\u00edteres de la Fundaci\u00f3n Cultural Arco Iris<\/p>\n<p>Teatro y pantomima del colectivo Sombra Bullera<\/p>\n<p>Rondas infantiles<\/p>\n<p><strong>Viernes 6 de enero de 2017<\/strong><\/p>\n<p>Danza urbana de Latin Dance<\/p>\n<p>Presentaci\u00f3n especial de los grupos ganadores de Festival Urban Dance<\/p>\n<p><strong>S\u00e1bado 7 de enero de 2017<\/strong><\/p>\n<p>Orquesta Charanga La Fe<\/p>\n<p>Grupo Kalamar\u00ed<\/p>\n<p><strong>Domingo 8 de enero de 2017<\/strong><\/p>\n<p>Presentaci\u00f3n del Grupo Homenaje a Pedro Laza<\/p>\n<p>M\u00fasica del ayer<\/p>\n<p><strong><br \/>\nLunes 9 de enero de 2017<\/strong><\/p>\n<p>Banda de la Escuela Naval Militar Almirante Padilla, de la Armada Nacional de Colombia<\/p>\n","protected":false},"excerpt":{"rendered":"<p>La Alcald\u00eda de Cartagena, a trav\u00e9s de la Escuela Taller Cartagena de Indias y el Instituto de Patrimonio y Cultura de Cartagena (IPCC) invita a la poblaci\u00f3n cartagenera y turistas a disfrutar de la agenda cultural para reactivar el parque Centenario que se realizar\u00e1 del 29 de diciembre al 9 de enero de 2017. El objetivo de esta iniciativa del gobierno de Primero la Gente es lograr la reactivaci\u00f3n del ic\u00f3nico parque Centenario para el disfrute de cartageneros y turistas. \u201cSe extiende la invitaci\u00f3n a todos los cartageneros y a&#8230; <\/p>\n","protected":false},"author":3,"featured_media":18390,"comment_status":"open","ping_status":"closed","sticky":false,"template":"","format":"standard","meta":{"footnotes":"","_links_to":"","_links_to_target":""},"categories":[61,41,75],"tags":[],"class_list":["post-18389","post","type-post","status-publish","format-standard","has-post-thumbnail","hentry","category-agenda-cultura","category-cultura","category-destacada"],"_links":{"self":[{"href":"https:\/\/revistazetta.com\/index.php?rest_route=\/wp\/v2\/posts\/18389","targetHints":{"allow":["GET"]}}],"collection":[{"href":"https:\/\/revistazetta.com\/index.php?rest_route=\/wp\/v2\/posts"}],"about":[{"href":"https:\/\/revistazetta.com\/index.php?rest_route=\/wp\/v2\/types\/post"}],"author":[{"embeddable":true,"href":"https:\/\/revistazetta.com\/index.php?rest_route=\/wp\/v2\/users\/3"}],"replies":[{"embeddable":true,"href":"https:\/\/revistazetta.com\/index.php?rest_route=%2Fwp%2Fv2%2Fcomments&post=18389"}],"version-history":[{"count":0,"href":"https:\/\/revistazetta.com\/index.php?rest_route=\/wp\/v2\/posts\/18389\/revisions"}],"wp:featuredmedia":[{"embeddable":true,"href":"https:\/\/revistazetta.com\/index.php?rest_route=\/wp\/v2\/media\/18390"}],"wp:attachment":[{"href":"https:\/\/revistazetta.com\/index.php?rest_route=%2Fwp%2Fv2%2Fmedia&parent=18389"}],"wp:term":[{"taxonomy":"category","embeddable":true,"href":"https:\/\/revistazetta.com\/index.php?rest_route=%2Fwp%2Fv2%2Fcategories&post=18389"},{"taxonomy":"post_tag","embeddable":true,"href":"https:\/\/revistazetta.com\/index.php?rest_route=%2Fwp%2Fv2%2Ftags&post=18389"}],"curies":[{"name":"wp","href":"https:\/\/api.w.org\/{rel}","templated":true}]}}