{"id":18565,"date":"2017-01-16T22:59:37","date_gmt":"2017-01-17T03:59:37","guid":{"rendered":"http:\/\/www.revistazetta.com\/?p=18565"},"modified":"2017-01-16T23:01:35","modified_gmt":"2017-01-17T04:01:35","slug":"fejed-ali-seis-meses-los-juegos-tendremos-listos-todos-los-escenarios","status":"publish","type":"post","link":"https:\/\/revistazetta.com\/?p=18565","title":{"rendered":"Fejed Al\u00ed: \u201cSeis meses antes de los Juegos tendremos listos todos los escenarios\u201d"},"content":{"rendered":"<p>Son dos grandes retos los que hacen que Fejed Al\u00ed no la tenga f\u00e1cil. Por una parte, recibi\u00f3 la misi\u00f3n de representar a un experto en deportes: el mismo gobernador Dumek Turbay, y, adem\u00e1s, tiene la consigna de hacer los mejores Juegos Deportivos Nacionales en la historia de Colombia.<\/p>\n<p>Al\u00ed Badr\u00e1n representar\u00e1 al gobernador en la organizaci\u00f3n de las justas, donde tambi\u00e9n participan la Naci\u00f3n a trav\u00e9s de Coldeportes, y la Alcald\u00eda de Cartagena.<\/p>\n<p>El Comit\u00e9 Directivo de los Juegos Deportivos Nacionales se instala este martes en Cartagena, y por ello entablamos este di\u00e1logo:<\/p>\n<p><a href=\"https:\/\/soundcloud.com\/revistazetta-com\/fejed-ali-juegos-nacionales\" target=\"_blank\" rel=\"noopener\">https:\/\/soundcloud.com\/revistazetta-com\/fejed-ali-juegos-nacionales<\/a><\/p>\n<p>&nbsp;<\/p>\n<p><strong>JOHN ZAMORA: La instalaci\u00f3n de este Comit\u00e9 es el punto de partida formal de los Juegos Nacionales. \u00bfcu\u00e1l es su papel?<\/strong><\/p>\n<p>&nbsp;<\/p>\n<p>FEJED AL\u00cd BADR\u00c1N: Con el Comit\u00e9 damos instalaci\u00f3n formal de las justas, y se definir\u00e1n las disciplinas que van en la sede de Cartagena, y las sub sedes de Magangu\u00e9, El Carmen, Arjona y Turbaco, distribuci\u00f3n de las disciplinas.<\/p>\n<p>Mi papel es el que me ha designado el gobernador Dumek Turbay para articular la organizaci\u00f3n de Bol\u00edvar con Coldeportes, que a su vez ha designado al doctor Ciro Solano.<\/p>\n<p>&nbsp;<\/p>\n<p><strong>Comienza la cuenta regresiva. \u00bfQu\u00e9 sigue ahora en el cronograma?<\/strong><\/p>\n<p>Desde que el presidente Santos anunci\u00f3 la sede, venimos trabajando. Ahora viene la visita a los escenarios actualesde Sede y sub sedes con la directora de Coldeportes, Clara Luz Rold\u00e1n, y el gobernador Dumek Turbay, para hacer una evaluaci\u00f3n, saber con qu\u00e9 contamos, gracias a Diones hemos sido privilegiados y tenemos buenos escenarios.<\/p>\n<p>Lo que viene ahora es la etapa de dise\u00f1os: los escenarios nuevos y la modernizaci\u00f3n de los existentes. Hay que decir que algunas normas t\u00e9cnicas han cambiado y hay que actualizar estos escenarios que ya tienen m\u00e1s de 10 a\u00f1os.<\/p>\n<p>&nbsp;<\/p>\n<p><strong>\u00bfLos recursos est\u00e1n garantizados?<\/strong><\/p>\n<p>Los recursos est\u00e1n apartados y garantizados. El pa\u00eds tiene que saber que Bol\u00edvar est\u00e1 preparado y no se deja nada a la improvisaci\u00f3n. Tenemos plan deportivo, financiero, log\u00edstico para que sean los mejores juegos de la historia. Aspiramos que seis meses antes del inicio de los Juegos en 2019, ya tengamos todos los escenarios listos.<\/p>\n<p>&nbsp;<\/p>\n<p><strong>Para esto es importante trabajar con transparencia, lejos de la corrupci\u00f3n y no pase lo que ocurri\u00f3 en Ibagu\u00e9.<\/strong><\/p>\n<p>Tenemos algunas proyecciones de los escenarios de lo que queremos hacer para que toda la gente sepa c\u00f3mo ser\u00e1, cu\u00e1nto cuesta, tiempo de ejecuci\u00f3n, y puedan acompa\u00f1ar, hacer veedur\u00eda. El objetivo del gobernador es que estos juegos le recuperen la tranquilidad al pa\u00eds sin la angustia que un escenario no est\u00e9 listo y se tengan que llevar la disciplina a otro lugar del pa\u00eds. Aqu\u00ed estamos preparados y de la mejor manera.<\/p>\n<p>&nbsp;<\/p>\n<p><strong>Adem\u00e1s de los deportes tradicionales, \u00bfqu\u00e9 deportes novedosos se incluir\u00e1n?<\/strong><\/p>\n<p>Aspiramos que el Surf pueda ser incluido, hay unos m\u00ednimos que tenemos que cumplir y estamos trabajando, y eso nos va a permitir aspirar a m\u00e1s medallas pues es una disciplinas en que estamos fuertes. Ser\u00eda uno de los pocos deportes novedosos.<\/p>\n<p>&nbsp;<\/p>\n<p><strong>\u00bfTiro con arco\u2026 Pista BMX\u2026 vel\u00f3dromo?<\/strong><\/p>\n<p>Claro que s\u00ed, ser\u00e1 construido un escenario nuevo en el antiguo coliseo de Ferias, donde construiremos otros escenarios. Pista de BMX y vel\u00f3dromo tambi\u00e9n estar\u00e1n all\u00ed, tenemos las presentaciones de los dise\u00f1os b\u00e1sicos de esos escenarios.<\/p>\n<p>&nbsp;<\/p>\n<p><strong>\u00bfQu\u00e9 esperan de la Alcald\u00eda de Cartagena?<\/strong><\/p>\n<p>Esperamos todo el apoyo y respaldo que nos han venido dando, la Alcald\u00eda es parte activa y Cartagena tendr\u00e1 el 80% de los deportes, es protagonista principal, y conociendo al alcalde Manolo Duque sabemos que va a estar en primera fila metido de lleno en esto.<\/p>\n<p>&nbsp;<\/p>\n<p><strong>\u00bfC\u00f3mo ser\u00e1 el aporte de la Naci\u00f3n?<\/strong><\/p>\n<p>El aporte de la Naci\u00f3n ser\u00e1 alrededor del 50% y el otro 50% entre el Departamento y la Alcald\u00eda de Cartagena.<\/p>\n","protected":false},"excerpt":{"rendered":"<p>Son dos grandes retos los que hacen que Fejed Al\u00ed no la tenga f\u00e1cil. Por una parte, recibi\u00f3 la misi\u00f3n de representar a un experto en deportes: el mismo gobernador Dumek Turbay, y, adem\u00e1s, tiene la consigna de hacer los mejores Juegos Deportivos Nacionales en la historia de Colombia. Al\u00ed Badr\u00e1n representar\u00e1 al gobernador en la organizaci\u00f3n de las justas, donde tambi\u00e9n participan la Naci\u00f3n a trav\u00e9s de Coldeportes, y la Alcald\u00eda de Cartagena. El Comit\u00e9 Directivo de los Juegos Deportivos Nacionales se instala este martes en Cartagena, y por&#8230; <\/p>\n","protected":false},"author":3,"featured_media":18566,"comment_status":"open","ping_status":"closed","sticky":false,"template":"","format":"standard","meta":{"footnotes":"","_links_to":"","_links_to_target":""},"categories":[53,75,91],"tags":[],"class_list":["post-18565","post","type-post","status-publish","format-standard","has-post-thumbnail","hentry","category-deportes","category-destacada","category-juegos-nacionales"],"_links":{"self":[{"href":"https:\/\/revistazetta.com\/index.php?rest_route=\/wp\/v2\/posts\/18565","targetHints":{"allow":["GET"]}}],"collection":[{"href":"https:\/\/revistazetta.com\/index.php?rest_route=\/wp\/v2\/posts"}],"about":[{"href":"https:\/\/revistazetta.com\/index.php?rest_route=\/wp\/v2\/types\/post"}],"author":[{"embeddable":true,"href":"https:\/\/revistazetta.com\/index.php?rest_route=\/wp\/v2\/users\/3"}],"replies":[{"embeddable":true,"href":"https:\/\/revistazetta.com\/index.php?rest_route=%2Fwp%2Fv2%2Fcomments&post=18565"}],"version-history":[{"count":0,"href":"https:\/\/revistazetta.com\/index.php?rest_route=\/wp\/v2\/posts\/18565\/revisions"}],"wp:featuredmedia":[{"embeddable":true,"href":"https:\/\/revistazetta.com\/index.php?rest_route=\/wp\/v2\/media\/18566"}],"wp:attachment":[{"href":"https:\/\/revistazetta.com\/index.php?rest_route=%2Fwp%2Fv2%2Fmedia&parent=18565"}],"wp:term":[{"taxonomy":"category","embeddable":true,"href":"https:\/\/revistazetta.com\/index.php?rest_route=%2Fwp%2Fv2%2Fcategories&post=18565"},{"taxonomy":"post_tag","embeddable":true,"href":"https:\/\/revistazetta.com\/index.php?rest_route=%2Fwp%2Fv2%2Ftags&post=18565"}],"curies":[{"name":"wp","href":"https:\/\/api.w.org\/{rel}","templated":true}]}}