{"id":18599,"date":"2017-01-19T15:34:14","date_gmt":"2017-01-19T20:34:14","guid":{"rendered":"http:\/\/www.revistazetta.com\/?p=18599"},"modified":"2017-01-19T15:34:14","modified_gmt":"2017-01-19T20:34:14","slug":"ficci-presenta-imagen-oficial-la-india-catalina-motivo","status":"publish","type":"post","link":"https:\/\/revistazetta.com\/?p=18599","title":{"rendered":"FICCI presenta su imagen oficial con la India Catalina como motivo"},"content":{"rendered":"<p><img loading=\"lazy\" decoding=\"async\" class=\"alignright size-medium wp-image-18601\" src=\"https:\/\/www.revistazetta.com\/wp-content\/uploads\/2017\/01\/Ficci-Afiche-2017-218x300.jpg\" alt=\"Ficci Afiche 2017\" width=\"218\" height=\"300\" srcset=\"https:\/\/revistazetta.com\/wp-content\/uploads\/2017\/01\/Ficci-Afiche-2017-218x300.jpg 218w, https:\/\/revistazetta.com\/wp-content\/uploads\/2017\/01\/Ficci-Afiche-2017-106x146.jpg 106w, https:\/\/revistazetta.com\/wp-content\/uploads\/2017\/01\/Ficci-Afiche-2017-36x50.jpg 36w, https:\/\/revistazetta.com\/wp-content\/uploads\/2017\/01\/Ficci-Afiche-2017-55x75.jpg 55w, https:\/\/revistazetta.com\/wp-content\/uploads\/2017\/01\/Ficci-Afiche-2017.jpg 480w\" sizes=\"auto, (max-width: 218px) 100vw, 218px\" \/>Por tercer a\u00f1o consecutivo el Festival Internacional de Cine de Cartagena de Indias recoge en su imagen oficial un tributo a la memoria. Para este a\u00f1o, retomamos a la India Catalina, escogida en 1961 como el s\u00edmbolo del Festival por parte de V\u00edctor Nieto, su fundador. La estatuilla, que se entrega a las pel\u00edculas ganadoras, fue dise\u00f1ada por el artista H\u00e9ctor Lombana. En 1974 el escultor espa\u00f1ol Eladio Gil se inspir\u00f3 en la estatuilla del Festival para dise\u00f1ar el monumento que desde entonces es tambi\u00e9n un emblema de la ciudad.<\/p>\n<p>El personaje hist\u00f3rico de la India Catalina ha sido desde\u00f1ado y controvertido por su papel de traductora y puente entre culturas en los tiempos de la conquista. Este a\u00f1o el FICCI quiere traer esa memoria que es tanto de la ciudad como del Festival. El estilo y la propuesta gr\u00e1fica dan un giro para dejarnos ver y sentir el peso hist\u00f3rico bajo la piel de la India Catalina, que se revela imponente bajo una trama de hojas de Bijao. Esta planta tradicional nos ubica en la atm\u00f3sfera propia del Caribe, una regi\u00f3n que como esta mujer contradictoria y aguerrida, simboliza la condici\u00f3n mestiza de nuestra naci\u00f3n y nuestro continente.<\/p>\n<p>Son 57 a\u00f1os de la India Catalina reconociendo la calidad del cine mundial y 33 en los que distingue lo mejor de la televisi\u00f3n colombiana a trav\u00e9s de los premios que llevan su nombre. Con este afiche el FICCI nos acerca a su imagen, nos invita a hacerla propia y a dejarnos tocar por su presencia.<\/p>\n","protected":false},"excerpt":{"rendered":"<p>Por tercer a\u00f1o consecutivo el Festival Internacional de Cine de Cartagena de Indias recoge en su imagen oficial un tributo a la memoria. Para este a\u00f1o, retomamos a la India Catalina, escogida en 1961 como el s\u00edmbolo del Festival por parte de V\u00edctor Nieto, su fundador. La estatuilla, que se entrega a las pel\u00edculas ganadoras, fue dise\u00f1ada por el artista H\u00e9ctor Lombana. En 1974 el escultor espa\u00f1ol Eladio Gil se inspir\u00f3 en la estatuilla del Festival para dise\u00f1ar el monumento que desde entonces es tambi\u00e9n un emblema de la ciudad&#8230;. <\/p>\n","protected":false},"author":3,"featured_media":18600,"comment_status":"open","ping_status":"closed","sticky":false,"template":"","format":"standard","meta":{"footnotes":"","_links_to":"","_links_to_target":""},"categories":[41,60,75],"tags":[],"class_list":["post-18599","post","type-post","status-publish","format-standard","has-post-thumbnail","hentry","category-cultura","category-cine","category-destacada"],"_links":{"self":[{"href":"https:\/\/revistazetta.com\/index.php?rest_route=\/wp\/v2\/posts\/18599","targetHints":{"allow":["GET"]}}],"collection":[{"href":"https:\/\/revistazetta.com\/index.php?rest_route=\/wp\/v2\/posts"}],"about":[{"href":"https:\/\/revistazetta.com\/index.php?rest_route=\/wp\/v2\/types\/post"}],"author":[{"embeddable":true,"href":"https:\/\/revistazetta.com\/index.php?rest_route=\/wp\/v2\/users\/3"}],"replies":[{"embeddable":true,"href":"https:\/\/revistazetta.com\/index.php?rest_route=%2Fwp%2Fv2%2Fcomments&post=18599"}],"version-history":[{"count":0,"href":"https:\/\/revistazetta.com\/index.php?rest_route=\/wp\/v2\/posts\/18599\/revisions"}],"wp:featuredmedia":[{"embeddable":true,"href":"https:\/\/revistazetta.com\/index.php?rest_route=\/wp\/v2\/media\/18600"}],"wp:attachment":[{"href":"https:\/\/revistazetta.com\/index.php?rest_route=%2Fwp%2Fv2%2Fmedia&parent=18599"}],"wp:term":[{"taxonomy":"category","embeddable":true,"href":"https:\/\/revistazetta.com\/index.php?rest_route=%2Fwp%2Fv2%2Fcategories&post=18599"},{"taxonomy":"post_tag","embeddable":true,"href":"https:\/\/revistazetta.com\/index.php?rest_route=%2Fwp%2Fv2%2Ftags&post=18599"}],"curies":[{"name":"wp","href":"https:\/\/api.w.org\/{rel}","templated":true}]}}