{"id":18602,"date":"2017-01-19T15:54:24","date_gmt":"2017-01-19T20:54:24","guid":{"rendered":"http:\/\/www.revistazetta.com\/?p=18602"},"modified":"2017-01-19T15:54:24","modified_gmt":"2017-01-19T20:54:24","slug":"ambulancia-exclusiva-ninas-carmen","status":"publish","type":"post","link":"https:\/\/revistazetta.com\/?p=18602","title":{"rendered":"Ambulancia exclusiva para ni\u00f1as de El Carmen"},"content":{"rendered":"<p>Durante la reuni\u00f3n de supervisi\u00f3n realizada por el l\u00edder del Bol\u00edvar S\u00ed Avanza en el CAD, el mandatario exigi\u00f3 poner a disposici\u00f3n de las ni\u00f1as y sus familias una ambulancia para la atenci\u00f3n inmediata, as\u00ed como tambi\u00e9n un grupo de expertos de la salud s\u00f3lo dedicado a las ni\u00f1as afectadas.<\/p>\n<p>\u201cCon el secretario de Salud departamental, Luis Padilla Sierra, seguiremos haciendo\u00a0 estricto seguimiento a que se cumplan los compromisos por parte de Ministerio de Salud y de la Alcald\u00eda de El Carmen de Bol\u00edvar para darle una soluci\u00f3n definitiva al caso de estas ni\u00f1as\u201d, expres\u00f3 el gobernador Dumek Turbay.<\/p>\n<p>Blanca Victoria Saval, representante de la Organizaci\u00f3n para la defensa de los derechos de los ciudadanos,\u00a0 afirm\u00f3 \u201choy tuvimos una reuni\u00f3n muy fruct\u00edfera con el se\u00f1or Gobernador que desde un principio nos ha demostrado su apoyo y su calidad humana. Donde se dio la aprobaci\u00f3n del plan atenci\u00f3n integral para las ni\u00f1as, as\u00ed como se concert\u00f3 la participaci\u00f3n de la Fundaci\u00f3n Crea que se encarga del estudio de las enfermedades inmunol\u00f3gicas y la atenci\u00f3n inmediata de las ni\u00f1as que se encuentran con problemas de salud.\u201d<\/p>\n<p>&nbsp;<\/p>\n<p>https:\/\/soundcloud.com\/revistazetta-com\/dumek-turbay-ninas-carmen<\/p>\n<p>&nbsp;<\/p>\n","protected":false},"excerpt":{"rendered":"<p>Durante la reuni\u00f3n de supervisi\u00f3n realizada por el l\u00edder del Bol\u00edvar S\u00ed Avanza en el CAD, el mandatario exigi\u00f3 poner a disposici\u00f3n de las ni\u00f1as y sus familias una ambulancia para la atenci\u00f3n inmediata, as\u00ed como tambi\u00e9n un grupo de expertos de la salud s\u00f3lo dedicado a las ni\u00f1as afectadas. \u201cCon el secretario de Salud departamental, Luis Padilla Sierra, seguiremos haciendo\u00a0 estricto seguimiento a que se cumplan los compromisos por parte de Ministerio de Salud y de la Alcald\u00eda de El Carmen de Bol\u00edvar para darle una soluci\u00f3n definitiva al&#8230; <\/p>\n","protected":false},"author":3,"featured_media":18603,"comment_status":"open","ping_status":"closed","sticky":false,"template":"","format":"standard","meta":{"footnotes":"","_links_to":"","_links_to_target":""},"categories":[75,33,80],"tags":[],"class_list":["post-18602","post","type-post","status-publish","format-standard","has-post-thumbnail","hentry","category-destacada","category-actualidad-bolivar","category-region"],"_links":{"self":[{"href":"https:\/\/revistazetta.com\/index.php?rest_route=\/wp\/v2\/posts\/18602","targetHints":{"allow":["GET"]}}],"collection":[{"href":"https:\/\/revistazetta.com\/index.php?rest_route=\/wp\/v2\/posts"}],"about":[{"href":"https:\/\/revistazetta.com\/index.php?rest_route=\/wp\/v2\/types\/post"}],"author":[{"embeddable":true,"href":"https:\/\/revistazetta.com\/index.php?rest_route=\/wp\/v2\/users\/3"}],"replies":[{"embeddable":true,"href":"https:\/\/revistazetta.com\/index.php?rest_route=%2Fwp%2Fv2%2Fcomments&post=18602"}],"version-history":[{"count":0,"href":"https:\/\/revistazetta.com\/index.php?rest_route=\/wp\/v2\/posts\/18602\/revisions"}],"wp:featuredmedia":[{"embeddable":true,"href":"https:\/\/revistazetta.com\/index.php?rest_route=\/wp\/v2\/media\/18603"}],"wp:attachment":[{"href":"https:\/\/revistazetta.com\/index.php?rest_route=%2Fwp%2Fv2%2Fmedia&parent=18602"}],"wp:term":[{"taxonomy":"category","embeddable":true,"href":"https:\/\/revistazetta.com\/index.php?rest_route=%2Fwp%2Fv2%2Fcategories&post=18602"},{"taxonomy":"post_tag","embeddable":true,"href":"https:\/\/revistazetta.com\/index.php?rest_route=%2Fwp%2Fv2%2Ftags&post=18602"}],"curies":[{"name":"wp","href":"https:\/\/api.w.org\/{rel}","templated":true}]}}