{"id":18608,"date":"2017-01-20T07:54:05","date_gmt":"2017-01-20T12:54:05","guid":{"rendered":"http:\/\/www.revistazetta.com\/?p=18608"},"modified":"2017-01-20T07:54:05","modified_gmt":"2017-01-20T12:54:05","slug":"orbita-politica-john-zamora-viernes-20-enero","status":"publish","type":"post","link":"https:\/\/revistazetta.com\/?p=18608","title":{"rendered":"\u00d3rbita Pol\u00edtica de John Zamora &#8211; Viernes 20 de enero"},"content":{"rendered":"<p><strong>CamComercio tampoco le camina a revocatoria<\/strong><\/p>\n<p>La C\u00e1mara de Comercio de Cartagena encuentra inconveniente e injustificada la pretendida revocatoria al alcalde Manolo Duque, y de esa forma se sum\u00f3 al c\u00famulo de voces en contra de ese embeleco.<\/p>\n<p>Mar\u00eda Claudia P\u00e1ez Mallarino, presidente ejecutiva de la entidad dijo que para el caso de Cartagena, no se dan las condiciones para una revocatoria y que ese proceso traer\u00eda m\u00e1s problemas que soluciones.<\/p>\n<p>Contrarios a la revocatoria tambi\u00e9n se ha pronunciado el gobernador Dumek Turbay y sinn\u00famero de l\u00edderes comunitarios.<\/p>\n<p>Conceptu\u00f3 que Duque V\u00e1squez est\u00e1 cumpliendo y es un mandatario que tiene sensibilidad, buenas intenciones y est\u00e1 comprometido verdaderamente con la gente.<\/p>\n<p>Agreg\u00f3 que pocos gobiernos han tenido tan clara la visi\u00f3n de la ciudad, como se constata en cinco megaproyectos que no solo se quedan en la formulaci\u00f3n sino que se acompa\u00f1an con recursos para ejecutarlos.<\/p>\n<p>Se\u00f1al\u00f3 que ha tomado decisiones como la que apuntan a mejorar la seguridad y que han tenido resultados positivos.<\/p>\n<p>\u201cUna revocatoria ser\u00eda terrible para la gobernabilidad de Cartagena\u201d, dijo P\u00e1ez Mallarino en declaraciones radiales.<\/p>\n<p>Especific\u00f3 que las revocatorias se aplican cuando un mandatario realmente no cumple, y ese no es el caso de Manolo Duque, as\u00ed haya tenido debilidades institucionales en algunos aspectos.<\/p>\n<p>&nbsp;<\/p>\n<p>&nbsp;<\/p>\n<p><strong>Fejed a la C\u00e1mara<\/strong><\/p>\n<p>En esta \u00e9poca se comienzan a conocer los nombres de aquellos funcionarios p\u00fablicos que se retiran de los cargos para no inhabilitarse con miras a las elecciones del pr\u00f3ximo a\u00f1o. Ese es el caso de Fejed Al\u00ed Badr\u00e1n, secretario Privado de la Gobernaci\u00f3n de Bol\u00edvar, quien aspirar\u00e1 a la C\u00e1mara de Representantes.<\/p>\n<p>&nbsp;<\/p>\n<p><strong>Chechi en los Juegos<\/strong><\/p>\n<p>Como uno de los roles de Fejed Al\u00ed era el de representar al gobernador Dumek Turbay en la organizaci\u00f3n de los Juegos Deportivos Nacionales, esa responsabilidad le ser\u00e1 encomendada a la campeon\u00edsima Cecilia \u201cChechi\u201d Baena. Tanto la salida de Fejed como la llegada de Chechi ser\u00e1 oficializadas en breve por el mandatario seccional.<\/p>\n<p>&nbsp;<\/p>\n","protected":false},"excerpt":{"rendered":"<p>CamComercio tampoco le camina a revocatoria La C\u00e1mara de Comercio de Cartagena encuentra inconveniente e injustificada la pretendida revocatoria al alcalde Manolo Duque, y de esa forma se sum\u00f3 al c\u00famulo de voces en contra de ese embeleco. Mar\u00eda Claudia P\u00e1ez Mallarino, presidente ejecutiva de la entidad dijo que para el caso de Cartagena, no se dan las condiciones para una revocatoria y que ese proceso traer\u00eda m\u00e1s problemas que soluciones. Contrarios a la revocatoria tambi\u00e9n se ha pronunciado el gobernador Dumek Turbay y sinn\u00famero de l\u00edderes comunitarios. Conceptu\u00f3 que&#8230; <\/p>\n","protected":false},"author":3,"featured_media":18609,"comment_status":"open","ping_status":"closed","sticky":false,"template":"","format":"standard","meta":{"footnotes":"","_links_to":"","_links_to_target":""},"categories":[75,47,44,45],"tags":[],"class_list":["post-18608","post","type-post","status-publish","format-standard","has-post-thumbnail","hentry","category-destacada","category-john-zamora","category-materiagris","category-orbita"],"_links":{"self":[{"href":"https:\/\/revistazetta.com\/index.php?rest_route=\/wp\/v2\/posts\/18608","targetHints":{"allow":["GET"]}}],"collection":[{"href":"https:\/\/revistazetta.com\/index.php?rest_route=\/wp\/v2\/posts"}],"about":[{"href":"https:\/\/revistazetta.com\/index.php?rest_route=\/wp\/v2\/types\/post"}],"author":[{"embeddable":true,"href":"https:\/\/revistazetta.com\/index.php?rest_route=\/wp\/v2\/users\/3"}],"replies":[{"embeddable":true,"href":"https:\/\/revistazetta.com\/index.php?rest_route=%2Fwp%2Fv2%2Fcomments&post=18608"}],"version-history":[{"count":0,"href":"https:\/\/revistazetta.com\/index.php?rest_route=\/wp\/v2\/posts\/18608\/revisions"}],"wp:featuredmedia":[{"embeddable":true,"href":"https:\/\/revistazetta.com\/index.php?rest_route=\/wp\/v2\/media\/18609"}],"wp:attachment":[{"href":"https:\/\/revistazetta.com\/index.php?rest_route=%2Fwp%2Fv2%2Fmedia&parent=18608"}],"wp:term":[{"taxonomy":"category","embeddable":true,"href":"https:\/\/revistazetta.com\/index.php?rest_route=%2Fwp%2Fv2%2Fcategories&post=18608"},{"taxonomy":"post_tag","embeddable":true,"href":"https:\/\/revistazetta.com\/index.php?rest_route=%2Fwp%2Fv2%2Ftags&post=18608"}],"curies":[{"name":"wp","href":"https:\/\/api.w.org\/{rel}","templated":true}]}}