{"id":18637,"date":"2017-01-23T23:47:29","date_gmt":"2017-01-24T04:47:29","guid":{"rendered":"http:\/\/www.revistazetta.com\/?p=18637"},"modified":"2017-01-23T23:59:36","modified_gmt":"2017-01-24T04:59:36","slug":"la-bicicleta-se-afianza-alternativa","status":"publish","type":"post","link":"https:\/\/revistazetta.com\/?p=18637","title":{"rendered":"La bicicleta se afianza como alternativa"},"content":{"rendered":"<p>El alcalde de Cartagena, Manolo Duque, en compa\u00f1\u00eda del embajador de los Pa\u00edses Bajos, Jeroen Roodemburg; el\u00a0presidente de Findeter, Luis Fernando Arboleda, y el senador de la Rep\u00fablica, Andr\u00e9s Garc\u00eda Zuccardi, dieron inicio formal\u00a0a esta iniciativa que busca impulsar el uso de la bicicleta por medio del fortalecimiento institucional e identificar las necesidades de ciclo-infraestructura mediante la recolecci\u00f3n y an\u00e1lisis de datos en la ciudad de Cartagena.<\/p>\n<p>Unas 300 personas, entre ciudadanos, concejales, empleados p\u00fablicos y deportistas, se reunieron en la emblem\u00e1tica Plaza de la Aduana para el Lanzamiento de \u201cCartagena Pedalea\u201d, iniciativa que promueve la Alcald\u00eda de la ciudad con el apoyo de la Embajada de Holanda, Findeter, la organizaci\u00f3n Despacio, la consultora holandesa JB Mobility y la aplicaci\u00f3n m\u00f3vil Biko.<\/p>\n<p>Cartagena es actualmente la primera ciudad de Colombia que utiliza la tecnolog\u00eda y la modernizaci\u00f3n para realizar este tipo de estudios, que en un periodo de 4 meses, entregar\u00e1 a todos los cartageneros datos exactos en cuanto a movilidad, infraestructura, seguridad para ciclistas, n\u00famero de siniestros y disminuci\u00f3n en \u00a0emisiones de CO2.<\/p>\n<p>\u201cPara nosotros es clave la asesor\u00eda de un pa\u00eds como Holanda, con amplia experiencia en temas de movilidad, a trav\u00e9s de la bicicleta. Nosotros desde la administraci\u00f3n estamos motivando el uso de la bicicleta en nuestros ciudadanos para alimentar el informe que nos va a permitir definir esas rutas prioritarias que los ciclistas necesitan\u201d, asegur\u00f3 el alcalde de los cartageneros, Manolo Duque.<\/p>\n<p>Unas 880 personas en la ciudad\u00a0tienen descargada la aplicaci\u00f3n y est\u00e1n alimentando el informe que ser\u00e1 analizado por la Organizaci\u00f3n Despacio.<\/p>\n<p>Estamos haciendo un an\u00e1lisis de los actores involucrados de los sectores p\u00fablicos, privados, seguimos buscando muchos m\u00e1s datos y mirando de qu\u00e9\u00a0manera deber\u00eda manejarse una pol\u00edtica de la promoci\u00f3n de la bicicleta\u201d, dijo Carlos Felipe Pardo, director Ejecutivo de Despacio.<\/p>\n<p>Por su parte, Jeroen Roodemburg, embajador de Holanda, asegur\u00f3 que por muchos a\u00f1os han estado muy cerca de Colombia y han brindado todo su payo a una ciudad tan linda como Cartagena.<\/p>\n<p>\u201cLa bicicleta es mejor para la salud, para el medio ambiente, pero tambi\u00e9n tiene un papel de comunicaci\u00f3n dentro de las comunidades,\u00a0 puesto que todos los estratos pueden acceder a una bicicleta\u201d, expres\u00f3 el Embajador.<\/p>\n<p>Roodemburg precis\u00f3 que aunque promover el uso de la bicicleta no es f\u00e1cil, se puede lograr con la voluntad de los ciudadanos y el gobierno distrital.<\/p>\n<p>\u201cActualmente en Holanda tenemos 34 millones de bicicletas y 17 millones de habitantes, no siempre fue as\u00ed, en la d\u00e9cada de los 50 la gente dacia que no ten\u00edamos espacios para las bicicletas y que las v\u00edas se necesitaban para los carros, pero no es as\u00ed, dijo,\u00a0 si piensas bien puedes desarrollar un tipo de ruta muy buena para Cartagena.\u201d, acot\u00f3.<\/p>\n<p>Andr\u00e9s Garc\u00eda Zuccardi, senador de la Rep\u00fablica y l\u00edder de la Ley Pro- Bici, acompa\u00f1\u00f3 la iniciativa.<\/p>\n<p>\u201cUna gran iniciativa para promocionar el uso de la bicicleta, promocionar a su vez la cooperaci\u00f3n nacional e internacional y sobre todo la participaci\u00f3n ciudadana. Lo que queremos es sincronizar lo que ya est\u00e1 en la ciudad, con el sistema de transporte actual, los taxistas, los veh\u00edculos y los ciudadanos, y tengamos una conexi\u00f3n entre todos estos actores\u201d, dijo.<\/p>\n<p>La aplicaci\u00f3n Biko estar\u00e1 recolectando la informaci\u00f3n hasta el pr\u00f3ximo 28 de febrero y entre m\u00e1s recorridos registren los ciudadanos podr\u00e1n redimir sus monedas virtuales en establecimientos comerciales como Crepes &amp; Waffles, Se Volvi\u00f3 Pris- Pris, Pezetarian, Stazione Italia, entre otros 15 convenios comerciales; esta aplicaci\u00f3n no consume los datos del tel\u00e9fono celular y luego de entregado el informe quedar\u00e1 disponible para los todos los ciclistas.<\/p>\n","protected":false},"excerpt":{"rendered":"<p>El alcalde de Cartagena, Manolo Duque, en compa\u00f1\u00eda del embajador de los Pa\u00edses Bajos, Jeroen Roodemburg; el\u00a0presidente de Findeter, Luis Fernando Arboleda, y el senador de la Rep\u00fablica, Andr\u00e9s Garc\u00eda Zuccardi, dieron inicio formal\u00a0a esta iniciativa que busca impulsar el uso de la bicicleta por medio del fortalecimiento institucional e identificar las necesidades de ciclo-infraestructura mediante la recolecci\u00f3n y an\u00e1lisis de datos en la ciudad de Cartagena. Unas 300 personas, entre ciudadanos, concejales, empleados p\u00fablicos y deportistas, se reunieron en la emblem\u00e1tica Plaza de la Aduana para el Lanzamiento de&#8230; <\/p>\n","protected":false},"author":3,"featured_media":18639,"comment_status":"open","ping_status":"closed","sticky":false,"template":"","format":"standard","meta":{"footnotes":"","_links_to":"","_links_to_target":""},"categories":[32,87],"tags":[],"class_list":["post-18637","post","type-post","status-publish","format-standard","has-post-thumbnail","hentry","category-actualidad-distrito","category-movilidad"],"_links":{"self":[{"href":"https:\/\/revistazetta.com\/index.php?rest_route=\/wp\/v2\/posts\/18637","targetHints":{"allow":["GET"]}}],"collection":[{"href":"https:\/\/revistazetta.com\/index.php?rest_route=\/wp\/v2\/posts"}],"about":[{"href":"https:\/\/revistazetta.com\/index.php?rest_route=\/wp\/v2\/types\/post"}],"author":[{"embeddable":true,"href":"https:\/\/revistazetta.com\/index.php?rest_route=\/wp\/v2\/users\/3"}],"replies":[{"embeddable":true,"href":"https:\/\/revistazetta.com\/index.php?rest_route=%2Fwp%2Fv2%2Fcomments&post=18637"}],"version-history":[{"count":0,"href":"https:\/\/revistazetta.com\/index.php?rest_route=\/wp\/v2\/posts\/18637\/revisions"}],"wp:featuredmedia":[{"embeddable":true,"href":"https:\/\/revistazetta.com\/index.php?rest_route=\/wp\/v2\/media\/18639"}],"wp:attachment":[{"href":"https:\/\/revistazetta.com\/index.php?rest_route=%2Fwp%2Fv2%2Fmedia&parent=18637"}],"wp:term":[{"taxonomy":"category","embeddable":true,"href":"https:\/\/revistazetta.com\/index.php?rest_route=%2Fwp%2Fv2%2Fcategories&post=18637"},{"taxonomy":"post_tag","embeddable":true,"href":"https:\/\/revistazetta.com\/index.php?rest_route=%2Fwp%2Fv2%2Ftags&post=18637"}],"curies":[{"name":"wp","href":"https:\/\/api.w.org\/{rel}","templated":true}]}}