{"id":18765,"date":"2017-01-31T07:39:12","date_gmt":"2017-01-31T12:39:12","guid":{"rendered":"http:\/\/www.revistazetta.com\/?p=18765"},"modified":"2017-01-31T07:39:12","modified_gmt":"2017-01-31T12:39:12","slug":"cultura-economia-opinion-erich-pina-feliz","status":"publish","type":"post","link":"https:\/\/revistazetta.com\/?p=18765","title":{"rendered":"Cultura y econom\u00eda &#8211; Opini\u00f3n de Erich Pi\u00f1a F\u00e9liz"},"content":{"rendered":"<p><span style=\"color: #0000ff;\"><strong>Por Erich Pi\u00f1a F\u00e9liz (Concejal de Cartagena &#8211; Especial para Revista Zetta).-<\/strong> <\/span>Habiendo transcurridos tan solo treinta d\u00edas de este 2017, hemos disfrutado en Cartagena tres festivales de alto nivel que contaron con una nutrida asistencia en todos sus escenarios. Tres festivales de alt\u00edsimo nivel art\u00edstico y cultural que nos posicionan como un destino adem\u00e1s de tur\u00edstico, cultural. Para tomar solo el ejemplo m\u00e1s cercano, el Festival del Frito tradici\u00f3n cultural que acompa\u00f1a a la tradici\u00f3n religiosa de la novena a la Virgen de la Candelaria, ha registrado lleno total en todas sus noches y se ha convertido en un lugar de encuentro de vecinos, cartageneros en general y cada vez m\u00e1s, de turistas que con curiosidad y admiraci\u00f3n se acercan a degustar los tradicionales fritos cartageneros. Ya es frecuente escuchar que en Cartagena sumando todos los eventos que organizamos o recibimos en el a\u00f1o, estamos todo el tiempo en temporada; sin embargo, cu\u00e1ntos empleos generan estos eventos para los cartageneros? Cuantas empresas se constituyen alrededor de estos eventos y festividades? Pueden los trabajadores del arte y la cultura de la ciudad tener ingresos sostenibles todo el a\u00f1o, garantizados por su participaci\u00f3n en estas expresiones culturales?<br \/>\nCartagena tiene todo el potencial para convertirse en una ciudad en la que su econom\u00eda se apoye en sus m\u00faltiples vocaciones folcl\u00f3ricas, art\u00edsticas y culturales; fortaleciendo un rengl\u00f3n de la econom\u00eda desde actividades que nos resultan f\u00e1cilmente asimilables y con las que nos identificamos plenamente. Desde hace algunos a\u00f1os varios economistas y profesores universitarios han venido planteando la importancia de formalizar las actividades econ\u00f3micas que se derivan de la creatividad art\u00edstica y cultural. Felipe Buitrago e Ivan Duque publicaron el libro Econom\u00eda Naranja, oportunidad infinita, con el respaldo del BID, que se ha constituido en una gu\u00eda valiosa para todos los trabajadores de las artes y la cultura que quieren convertirse en empresarios. Estos autores la describen como una \u201criqueza enorme basada en el talento, la propiedad intelectual, la conectividad y por supuesto, en la herencia cultural de nuestra regi\u00f3n\u201d.<br \/>\nEn el pa\u00eds expertos calculan que las empresas y los ingresos que se derivan de la actividad cultural de nuestras m\u00faltiples ferias y fiestas representan casi el 2% del PIB, superando a otros renglones tradicionales de la econom\u00eda. Esta es entonces una invitaci\u00f3n para comprometernos a incentivar esta opci\u00f3n de desarrollo econ\u00f3mico en Cartagena, apoyando a nuestras modistas, maquilladores, bailarines, instructores de danza, maestros y directores de teatro, cocineros, artesanos y artistas en general para que formalicen su actividad econ\u00f3mica, se sientan empresarios, aprendan a dar valor a su creatividad y a su saber y de esta manera podemos asegurar que nuestras tradiciones no se van a perder por que las podemos legar a las nuevas generaciones de una manera formal y organizada. Universidades, fundaciones y la administraci\u00f3n distrital est\u00e1n llamadas a generar opciones de formaci\u00f3n y apoyo para desarrollar la econom\u00eda creativa o naranja en Cartagena.<br \/>\nERICH PI\u00d1A FELIZ<\/p>\n","protected":false},"excerpt":{"rendered":"<p>Por Erich Pi\u00f1a F\u00e9liz (Concejal de Cartagena &#8211; Especial para Revista Zetta).- Habiendo transcurridos tan solo treinta d\u00edas de este 2017, hemos disfrutado en Cartagena tres festivales de alto nivel que contaron con una nutrida asistencia en todos sus escenarios. Tres festivales de alt\u00edsimo nivel art\u00edstico y cultural que nos posicionan como un destino adem\u00e1s de tur\u00edstico, cultural. Para tomar solo el ejemplo m\u00e1s cercano, el Festival del Frito tradici\u00f3n cultural que acompa\u00f1a a la tradici\u00f3n religiosa de la novena a la Virgen de la Candelaria, ha registrado lleno total&#8230; <\/p>\n","protected":false},"author":3,"featured_media":18766,"comment_status":"open","ping_status":"closed","sticky":false,"template":"","format":"standard","meta":{"footnotes":"","_links_to":"","_links_to_target":""},"categories":[75,44,65],"tags":[],"class_list":["post-18765","post","type-post","status-publish","format-standard","has-post-thumbnail","hentry","category-destacada","category-materiagris","category-opinion"],"_links":{"self":[{"href":"https:\/\/revistazetta.com\/index.php?rest_route=\/wp\/v2\/posts\/18765","targetHints":{"allow":["GET"]}}],"collection":[{"href":"https:\/\/revistazetta.com\/index.php?rest_route=\/wp\/v2\/posts"}],"about":[{"href":"https:\/\/revistazetta.com\/index.php?rest_route=\/wp\/v2\/types\/post"}],"author":[{"embeddable":true,"href":"https:\/\/revistazetta.com\/index.php?rest_route=\/wp\/v2\/users\/3"}],"replies":[{"embeddable":true,"href":"https:\/\/revistazetta.com\/index.php?rest_route=%2Fwp%2Fv2%2Fcomments&post=18765"}],"version-history":[{"count":0,"href":"https:\/\/revistazetta.com\/index.php?rest_route=\/wp\/v2\/posts\/18765\/revisions"}],"wp:featuredmedia":[{"embeddable":true,"href":"https:\/\/revistazetta.com\/index.php?rest_route=\/wp\/v2\/media\/18766"}],"wp:attachment":[{"href":"https:\/\/revistazetta.com\/index.php?rest_route=%2Fwp%2Fv2%2Fmedia&parent=18765"}],"wp:term":[{"taxonomy":"category","embeddable":true,"href":"https:\/\/revistazetta.com\/index.php?rest_route=%2Fwp%2Fv2%2Fcategories&post=18765"},{"taxonomy":"post_tag","embeddable":true,"href":"https:\/\/revistazetta.com\/index.php?rest_route=%2Fwp%2Fv2%2Ftags&post=18765"}],"curies":[{"name":"wp","href":"https:\/\/api.w.org\/{rel}","templated":true}]}}