{"id":19160,"date":"2017-02-21T08:28:24","date_gmt":"2017-02-21T13:28:24","guid":{"rendered":"http:\/\/www.revistazetta.com\/?p=19160"},"modified":"2017-02-21T08:31:28","modified_gmt":"2017-02-21T13:31:28","slug":"orbita-politica-john-zamora-martes-21-febrero","status":"publish","type":"post","link":"https:\/\/revistazetta.com\/?p=19160","title":{"rendered":"\u00d3rbita Pol\u00edtica de John Zamora \u2013 martes 21 de febrero"},"content":{"rendered":"<p><strong><img loading=\"lazy\" decoding=\"async\" class=\"alignright size-medium wp-image-19162\" src=\"https:\/\/www.revistazetta.com\/wp-content\/uploads\/2017\/02\/ZZZ_6117-300x188.jpg\" alt=\"ZZZ_6117\" width=\"300\" height=\"188\" srcset=\"https:\/\/revistazetta.com\/wp-content\/uploads\/2017\/02\/ZZZ_6117-300x188.jpg 300w, https:\/\/revistazetta.com\/wp-content\/uploads\/2017\/02\/ZZZ_6117-234x146.jpg 234w, https:\/\/revistazetta.com\/wp-content\/uploads\/2017\/02\/ZZZ_6117-50x31.jpg 50w, https:\/\/revistazetta.com\/wp-content\/uploads\/2017\/02\/ZZZ_6117-120x75.jpg 120w, https:\/\/revistazetta.com\/wp-content\/uploads\/2017\/02\/ZZZ_6117.jpg 576w\" sizes=\"auto, (max-width: 300px) 100vw, 300px\" \/>Recolecci\u00f3n de interrogantes<\/strong><\/p>\n<p>Comenz\u00f3 la recolecci\u00f3n de firmas del grupo que promueve la revocatoria del alcalde Manolo Duque. Aunque la mayor\u00eda de dirigentes sociales, pol\u00edticos y gremiales apoyan la gesti\u00f3n del burgomaestre, este grupo inici\u00f3 su actividad en bajo el inclemente sol del palito de caucho frente al Nautilus. Son optimistas y creen que antes de tres meses ya tendr\u00e1n las firmas suficientes para lograr su objetivo. No obstante, al recaudo de r\u00fabricas, deber\u00e1n vencer otros obst\u00e1culos, como mostrar el origen de los recursos financieros con los que hacen esta costosa campa\u00f1a, y despejar los interrogantes sobre el apadrinamiento pol\u00edtico desde la sombra.<\/p>\n<p>&nbsp;<\/p>\n<p><strong>Bol\u00edvar sin Cartagena \u00bfc\u00f3mo ser\u00eda?<\/strong><\/p>\n<p>La alocada reforma pol\u00edtica del oportunista ministro Juan Fernando Cristo da para todo, y al \u201cFast track\u201d le quieren meter cuanto mico\u2026 ahora resulta que alguien le propuso modificar la circunscripci\u00f3n electoral de los Distritos, para asemejarlos al de Bogot\u00e1, que elige sus propios representantes a la C\u00e1mara y no vota para Gobernador de Cundinamarca.<\/p>\n<p>Pues bien, si eso pasa, Bol\u00edvar y Cartagena ser\u00edan dos circunscripciones distintas y se dividir\u00edan la poblaci\u00f3n, cuyo \u00faltimo censo es del de 1995, y lo que hay actualmente son proyecciones. As\u00ed las cosas, m\u00e1s o menos ser\u00edan mitad y mitad, o sea que de las seis curules actuales en C\u00e1mara, pasar\u00edamos a tres para Bol\u00edvar y tres para Cartagena.<\/p>\n<p>Si miramos las \u00faltimas elecciones, hay dos representantes de Cartagena: Marta Curi y Pedrito Pereira; dos del norte, Alonso del R\u00edo y Silvio Carrasquilla, y dos de Magangue. Karen Cure y Hernando Padau\u00ed.<\/p>\n<p>Otro cambio ser\u00eda la estrategia para Gobernaci\u00f3n, que cambiar\u00eda totalmente\u2026 ganar en Cartagena significaba pr\u00e1cticamente asegurar el cargo, y con el hipot\u00e9tico cambio habr\u00eda que ganar en las principales ciudades pobladas como Magangu\u00e9, Turbaco, Arjona, El Carmen\u2026<\/p>\n<p>&nbsp;<\/p>\n<p><strong>Laborioso como hormiga<\/strong><\/p>\n<p>La exitosa cumbre de Alcaldes en Mompox, cumplida hace un par de semanas, tuvo el sello del reconocido liderazgo del gobernador Dumek Turbay, a quien no se le pasa ni un detalle\u2026 los resultados se est\u00e1n viendo como las reuniones posteriores en Bogot\u00e1 en los despachos del Ministro de Transporte y la Ministra de Educaci\u00f3n\u2026 el trabajo en equipo es indispensable para organizar una cumbre de esa magnitud, con los retos que impone un destino novedoso como Mompox, por lo que un punto de reconocimiento ha reca\u00eddo en Carlos F\u00e9liz Monsalve, el secretario del Interior Departamental\u2026 laborioso como hormiga, quien ahora centra sus esfuerzos en vigorizar la actividad comunal en Bol\u00edvar\u2026<\/p>\n","protected":false},"excerpt":{"rendered":"<p>Recolecci\u00f3n de interrogantes Comenz\u00f3 la recolecci\u00f3n de firmas del grupo que promueve la revocatoria del alcalde Manolo Duque. Aunque la mayor\u00eda de dirigentes sociales, pol\u00edticos y gremiales apoyan la gesti\u00f3n del burgomaestre, este grupo inici\u00f3 su actividad en bajo el inclemente sol del palito de caucho frente al Nautilus. Son optimistas y creen que antes de tres meses ya tendr\u00e1n las firmas suficientes para lograr su objetivo. No obstante, al recaudo de r\u00fabricas, deber\u00e1n vencer otros obst\u00e1culos, como mostrar el origen de los recursos financieros con los que hacen esta&#8230; <\/p>\n","protected":false},"author":3,"featured_media":19161,"comment_status":"open","ping_status":"closed","sticky":false,"template":"","format":"standard","meta":{"footnotes":"","_links_to":"","_links_to_target":""},"categories":[75,47,44,45],"tags":[233,74,115,93,72],"class_list":["post-19160","post","type-post","status-publish","format-standard","has-post-thumbnail","hentry","category-destacada","category-john-zamora","category-materiagris","category-orbita","tag-carlos-feliz","tag-dumek-turbay","tag-john-zamora","tag-revista-zetta","tag-revistazetta"],"_links":{"self":[{"href":"https:\/\/revistazetta.com\/index.php?rest_route=\/wp\/v2\/posts\/19160","targetHints":{"allow":["GET"]}}],"collection":[{"href":"https:\/\/revistazetta.com\/index.php?rest_route=\/wp\/v2\/posts"}],"about":[{"href":"https:\/\/revistazetta.com\/index.php?rest_route=\/wp\/v2\/types\/post"}],"author":[{"embeddable":true,"href":"https:\/\/revistazetta.com\/index.php?rest_route=\/wp\/v2\/users\/3"}],"replies":[{"embeddable":true,"href":"https:\/\/revistazetta.com\/index.php?rest_route=%2Fwp%2Fv2%2Fcomments&post=19160"}],"version-history":[{"count":0,"href":"https:\/\/revistazetta.com\/index.php?rest_route=\/wp\/v2\/posts\/19160\/revisions"}],"wp:featuredmedia":[{"embeddable":true,"href":"https:\/\/revistazetta.com\/index.php?rest_route=\/wp\/v2\/media\/19161"}],"wp:attachment":[{"href":"https:\/\/revistazetta.com\/index.php?rest_route=%2Fwp%2Fv2%2Fmedia&parent=19160"}],"wp:term":[{"taxonomy":"category","embeddable":true,"href":"https:\/\/revistazetta.com\/index.php?rest_route=%2Fwp%2Fv2%2Fcategories&post=19160"},{"taxonomy":"post_tag","embeddable":true,"href":"https:\/\/revistazetta.com\/index.php?rest_route=%2Fwp%2Fv2%2Ftags&post=19160"}],"curies":[{"name":"wp","href":"https:\/\/api.w.org\/{rel}","templated":true}]}}