{"id":19163,"date":"2017-02-21T08:37:25","date_gmt":"2017-02-21T13:37:25","guid":{"rendered":"http:\/\/www.revistazetta.com\/?p=19163"},"modified":"2017-02-21T08:37:25","modified_gmt":"2017-02-21T13:37:25","slug":"xii-encuentro-internacional-productores-marco-ficci-2017","status":"publish","type":"post","link":"https:\/\/revistazetta.com\/?p=19163","title":{"rendered":"XII Encuentro Internacional de Productores en el marco de FICCI 2017"},"content":{"rendered":"<p><em>El Encuentro Internacional de Productores se realizar\u00e1 del 2 al 6 de marzo, durante la versi\u00f3n 57 del FICCI, en el Centro de Formaci\u00f3n de Cooperaci\u00f3n Espa\u00f1ola de Cartagena. Adem\u00e1s, se celebrar\u00e1 el primer aniversario del Portal Web Retina Latina.<\/em><\/p>\n<p>El Encuentro Internacional de Productores es un espacio de formaci\u00f3n para la presentaci\u00f3n de proyectos y \u2018pitching\u2019, dise\u00f1o de audiencias e identificaci\u00f3n de modelos de distribuci\u00f3n y financiaci\u00f3n, que convoca a productores latinoamericanos a postular proyectos de largometrajes de ficci\u00f3n en etapa de desarrollo. Este evento es organizado por el Ministerio de Cultura, a trav\u00e9s de la Direcci\u00f3n de Cinematograf\u00eda, el Consejo Nacional de las Artes y la Cultura en Cinematograf\u00eda (Cnacc) y Proim\u00e1genes Colombia.<\/p>\n<p>El Encuentro Internacional brinda herramientas para fortalecer las destrezas, habilidades y conocimiento en la presentaci\u00f3n de proyectos y creaci\u00f3n de la estrategia de participaci\u00f3n de las audiencias que coincidan con la futura distribuci\u00f3n de las pel\u00edculas.<\/p>\n<p>A la convocatoria p\u00fablica se presentaron 69 proyectos de los cuales 46 eran colombianos y 23 de pa\u00edses de Latinoam\u00e9rica, de estos se seleccionaron las mejores 12 propuestas, 8 colombianos y 4 internacionales.<\/p>\n<p>Los tutores trabajar\u00e1n con los productores de los proyectos de largometraje en la presentaci\u00f3n de proyectos y \u2018pitching\u2019, dise\u00f1o de audiencias y nuevos modelos de distribuci\u00f3n.<\/p>\n<p>Por segundo a\u00f1o consecutivo, la experta en \u2018pitch\u2019 y presentaci\u00f3n de proyectos, Pilar Alessandra, vendr\u00e1 desde Hollywood para estar a cargo del taller.<\/p>\n<p>De igual forma, las otras conferencias y talleres ser\u00e1n dictados por; Mathias Noschis (Suiza) \u2013 Alphapanda \/ Dise\u00f1o de Audiencias;\u00a0Deborah Rowland (Inglaterra) \u2013 We are the Tonic \/ Modelos de Distribuci\u00f3n y Financiaci\u00f3n, y\u00a0Diego Ram\u00edrez (Colombia) \u2013 64 A Films \/ Producci\u00f3n y \u00a0H\u00e9ctor Rosas (M\u00e9xico) \/ Modelos de Distribuci\u00f3n y Financiaci\u00f3n.<\/p>\n<p>En los talleres estar\u00e1n presentes invitados del Ministerio de Cultura del departamento de Choc\u00f3, quienes participar\u00e1n como oyentes de las actividades del Encuentro, y que hacen parte del apoyo que brinda MinCultura a la industria audiovisual en esa regi\u00f3n.<\/p>\n<p><strong>Premiaci\u00f3n del Encuentro<\/strong><\/p>\n<p>En esta edici\u00f3n, la premiaci\u00f3n del Encuentro se har\u00e1 durante la ceremonia de premiaci\u00f3n del FICCI, el lunes seis de marzo. Se premiar\u00e1n a los tres mejores proyectos del Encuentro. 10.000 Euros otorgados por el CNC Franc\u00e9s; 45 millones de pesos en servicios de postproducci\u00f3n en Centro \u00c1tico de la Universidad Javeriana de Bogot\u00e1, y un pase directo a los BAM Projects del Bogot\u00e1 Audivisual Market 2017.<\/p>\n<p><strong>Semillero de grandes proyectos audiovisuales<\/strong><\/p>\n<p>El Encuentro Internacional de Productores ha visto nacer y emerger proyectos de relevancia para el cine colombiano, en el que m\u00e1s de la mitad de los participantes han producido y estrenado sus pel\u00edculas. Algunos t\u00edtulos que han pasado por este espacio son \u2018Alias Mar\u00eda\u2019, \u2018Apaporis\u2019, \u2018Los colores de la monta\u00f1a\u2019, \u2018Perro come perro\u2019, \u2018El p\u00e1ramo\u2019, \u2018La pasi\u00f3n de Gabriel\u2019, \u2018La sociedad del sem\u00e1foro\u2019, \u2018Los viajes del viento\u2019, \u2018El vuelco del cangrejo\u2019, \u2018Karen llora en un bus\u2019, \u2018La Playa D.C.\u2019, \u2018El resquicio\u2019, \u2018Roa\u2019, \u2018Cazando luci\u00e9rnagas\u2019, \u2018Mateo\u2019, \u2018Gente de bien\u2019, \u2018El abrazo de la serpiente\u2019, \u2018Anna\u2019, \u2018Buenaventura Mon Amur\u2019, entre otros.<\/p>\n<p>Cabe resaltar que el Festival Internacional de Cine de Cartagena es apoyado por el Ministerio de Cultura, a trav\u00e9s del programa Nacional de Concertaci\u00f3n.<\/p>\n<p><strong>Primer aniversario del Sitio Web para ver Cine Latinoamericano- Retina Latina<\/strong><\/p>\n<p>El 3 de marzo, a partir de las 3:00 p.m., en el sal\u00f3n FICCI, \u00a0regresa al Festival de Cine de Cartagena, Retina Latina. Fue en este \u00a0certamen donde se realiz\u00f3 el lanzamiento del portal en 2016. Esta actividad busca compartir la experiencia y resultados junto a colegas del sector que ven en las plataformas de cine nuevas oportunidades de convergencia de contenidos, formatos y narrativas audiovisuales.<\/p>\n<p>Retina Latina, plataforma gratuita VoD de cine latinoamericano, celebra su primer a\u00f1o al aire con 101 pel\u00edculas, m\u00e1s de 200 mil visitas y 23 mil usuarios registrados que han disfrutado en m\u00e1s de 20 pa\u00edses, de la diversidad de historias y miradas que ofrece el cine de Am\u00e9rica Latina.<\/p>\n<p>Esta iniciativa en la que participan seis entidades cinematogr\u00e1ficas de Bolivia, Colombia, Ecuador, M\u00e9xico, Per\u00fa y Uruguay ha sido posible gracias al apoyo del Banco Interamericano de Desarrollo-BID y la colaboraci\u00f3n de Proim\u00e1genes Colombia.<\/p>\n<p>Con motivo del primer aniversario, el portal a partir del 3 de marzo, tendr\u00e1 nuevas pel\u00edculas: una muestra de obras destacadas en el desarrollo cinematogr\u00e1fico del cine de los pa\u00edses que conforman a \u00a0Retina Latina. Un especial de joyas documentales producidas durante los 30 a\u00f1os de la Escuela de Cine y Televisi\u00f3n de San Antonio de los Ba\u00f1os; y los documentales \u2018En lo escondido\u2019 y \u2018Los abrazos del r\u00edo\u2019, del director Nicol\u00e1s Rinc\u00f3n Guille, que estar\u00e1n disponibles durante el mes de esta celebraci\u00f3n, como antesala al estreno en Colombia el 23 de marzo, de \u00b4Noche herida\u2019, obra con la que cierra Rinc\u00f3n Guille su trilog\u00eda, \u2018Campo hablado\u2019.<\/p>\n<p>A todos los usuarios y aliados, gracias por conectarse con esta ventana al cine de Latinoam\u00e9rica. \u00dananse a la celebraci\u00f3n viendo cine latinoamericano en\u00a0<a href=\"https:\/\/mincultura.us8.list-manage.com\/track\/click?u=938ee9b6f1ec973c27a27302e&amp;id=1bc8d12a1c&amp;e=304c4fac67\" target=\"_blank\" data-saferedirecturl=\"https:\/\/www.google.com\/url?hl=es&amp;q=https:\/\/mincultura.us8.list-manage.com\/track\/click?u%3D938ee9b6f1ec973c27a27302e%26id%3D1bc8d12a1c%26e%3D304c4fac67&amp;source=gmail&amp;ust=1487770431953000&amp;usg=AFQjCNHomd9GRPMS4KdmPCRXxXr5UmG5kQ\" rel=\"noopener\">www.retinalatina.org<\/a><\/p>\n<p><strong>Francia en el Festival Internacional de Cine de Cartagena<\/strong><\/p>\n<p>La celebraci\u00f3n del a\u00f1o Colombia \u2013 Francia estar\u00e1 presente en el Festival de Cine de Cartagena 2017, con la realizaci\u00f3n de un \u2018Focus France\u2019 y la instalaci\u00f3n de la exposici\u00f3n \u2018Actrices\u2019.<\/p>\n<p><strong>Focus France<\/strong><\/p>\n<p>Festival de Cine m\u00e1s antiguo de Am\u00e9rica Latina tendr\u00e1 en 2017, un \u2018Focus France\u2019, que se llevar\u00e1 a cabo del 1 al 31 de marzo, en las Salas de cine, de la Agencia Espa\u00f1ola de Cooperaci\u00f3n Internacional para el Desarrollo (Aecid) y espacios no convencionales de Cartagena de Indias, con una importante delegaci\u00f3n de invitados (directores, actrices, actores) y profesionales relacionados con el mundo cinematogr\u00e1fico. Con producciones y coproducciones en las distintas secciones del festival, el cine franc\u00e9s ocupar\u00e1 un lugar especial en la lista de pel\u00edculas que integran la selecci\u00f3n, para 2017, del Festival.<\/p>\n<p>En efecto, Francia tendr\u00e1 una participaci\u00f3n muy importante en las diferentes actividades propuestas por el FICCI (exposiciones y proyecciones), desde su programaci\u00f3n abierta al p\u00fablico hasta los eventos acad\u00e9micos y profesionales.<\/p>\n<p><strong>Exposici\u00f3n Actrices<\/strong><\/p>\n<p>La exposici\u00f3n es un homenaje a Kate Barry (hija de la cantante y actriz Jane Birkin y del compositor John Barry) y a su gran talento como fot\u00f3grafa, quien desapareci\u00f3 prematuramente en diciembre de 2013.<\/p>\n<p>Homenaje en espejo y 25 retratos de Kate Barry a las actrices de cine, \u00a0y en particular del cine franc\u00e9s, desde las estrellas m\u00e1s reconocidas hasta las artistas de la joven generaci\u00f3n.<\/p>\n<p>Exposici\u00f3n original producida por el Instituto Franc\u00e9s (Par\u00eds) en asocio con Roman de Kermadec, hijo de la artista, con la curadur\u00eda de la fot\u00f3grafa y periodista Aline Arlettaz.<\/p>\n<p>La obra se instalar\u00e1 en el Palacio de la Inquisici\u00f3n de la Plaza de Bol\u00edvar del 1 al 31 de marzo y estar\u00e1 abierta al p\u00fablico de 8:00 a.m. hasta 6:00 p.m.<\/p>\n<p>Los eventos cuentan con el apoyo del Comit\u00e9 de Patrocinadores del A\u00f1o Colombia-Francia 2017, Renault y Accor.<\/p>\n","protected":false},"excerpt":{"rendered":"<p>El Encuentro Internacional de Productores se realizar\u00e1 del 2 al 6 de marzo, durante la versi\u00f3n 57 del FICCI, en el Centro de Formaci\u00f3n de Cooperaci\u00f3n Espa\u00f1ola de Cartagena. Adem\u00e1s, se celebrar\u00e1 el primer aniversario del Portal Web Retina Latina. El Encuentro Internacional de Productores es un espacio de formaci\u00f3n para la presentaci\u00f3n de proyectos y \u2018pitching\u2019, dise\u00f1o de audiencias e identificaci\u00f3n de modelos de distribuci\u00f3n y financiaci\u00f3n, que convoca a productores latinoamericanos a postular proyectos de largometrajes de ficci\u00f3n en etapa de desarrollo. Este evento es organizado por el&#8230; <\/p>\n","protected":false},"author":3,"featured_media":19164,"comment_status":"open","ping_status":"closed","sticky":false,"template":"","format":"standard","meta":{"footnotes":"","_links_to":"","_links_to_target":""},"categories":[41,60],"tags":[],"class_list":["post-19163","post","type-post","status-publish","format-standard","has-post-thumbnail","hentry","category-cultura","category-cine"],"_links":{"self":[{"href":"https:\/\/revistazetta.com\/index.php?rest_route=\/wp\/v2\/posts\/19163","targetHints":{"allow":["GET"]}}],"collection":[{"href":"https:\/\/revistazetta.com\/index.php?rest_route=\/wp\/v2\/posts"}],"about":[{"href":"https:\/\/revistazetta.com\/index.php?rest_route=\/wp\/v2\/types\/post"}],"author":[{"embeddable":true,"href":"https:\/\/revistazetta.com\/index.php?rest_route=\/wp\/v2\/users\/3"}],"replies":[{"embeddable":true,"href":"https:\/\/revistazetta.com\/index.php?rest_route=%2Fwp%2Fv2%2Fcomments&post=19163"}],"version-history":[{"count":0,"href":"https:\/\/revistazetta.com\/index.php?rest_route=\/wp\/v2\/posts\/19163\/revisions"}],"wp:featuredmedia":[{"embeddable":true,"href":"https:\/\/revistazetta.com\/index.php?rest_route=\/wp\/v2\/media\/19164"}],"wp:attachment":[{"href":"https:\/\/revistazetta.com\/index.php?rest_route=%2Fwp%2Fv2%2Fmedia&parent=19163"}],"wp:term":[{"taxonomy":"category","embeddable":true,"href":"https:\/\/revistazetta.com\/index.php?rest_route=%2Fwp%2Fv2%2Fcategories&post=19163"},{"taxonomy":"post_tag","embeddable":true,"href":"https:\/\/revistazetta.com\/index.php?rest_route=%2Fwp%2Fv2%2Ftags&post=19163"}],"curies":[{"name":"wp","href":"https:\/\/api.w.org\/{rel}","templated":true}]}}