{"id":19169,"date":"2017-02-22T06:48:42","date_gmt":"2017-02-22T11:48:42","guid":{"rendered":"http:\/\/www.revistazetta.com\/?p=19169"},"modified":"2017-02-22T07:05:47","modified_gmt":"2017-02-22T12:05:47","slug":"orbita-politica-john-zamora-miercoles-22-febrero","status":"publish","type":"post","link":"https:\/\/revistazetta.com\/?p=19169","title":{"rendered":"\u00d3rbita pol\u00edtica de John Zamora \u2013 mi\u00e9rcoles 22 de febrero"},"content":{"rendered":"<p><strong>M\u00fanera si \u201cpitchea\u201d de frente<\/strong><\/p>\n<p>El exconcejal David M\u00fanera es el \u00fanico miembro de la oposici\u00f3n al alcalde Manolo Duque que parece de Grandes Ligas, porque \u201cpitchea\u201d de frente. Est\u00e1 con la revocatoria del mandato y acude a las audiencias del Concejo a expresar su punto de vista sobre los proyectos, como ocurri\u00f3 con el peaje de Bar\u00fa. Eso lo diferencia de otros opositores que se refugian en la sombra, en la burocracia o en el anonimato, y desde la oscuridad mantienen a sus alfiles lanzando dardos ponzo\u00f1osos a la Administraci\u00f3n.<\/p>\n<p>&nbsp;<\/p>\n<p><strong>Cambios en los corrillos<\/strong><\/p>\n<p>Tanto el alcalde Duque como el gobernador Turbay tienen alg\u00fan tipo de dificultad para hacer los cambios en el gabinete, bien sea porque no encuentran los perfiles indicados, bien por persistencia de los grupos que representan, bien por ma\u00f1a de los encartados, pero cuando las definiciones no llegan, entonces la funci\u00f3n \u201cnominadora\u201d la suplen los famosos \u201ccorrillos\u201d.<\/p>\n<p>En efecto, en la Gobernaci\u00f3n se anunciaron cambios en Educaci\u00f3n e Infraestructura, y a\u00fan se ve a Manuel\u00a0Azuero y Hortensia Borge oficiando como titulares; en la Alcald\u00eda \u00eddem con Participaci\u00f3n y otras Secretar\u00edas\u2026<\/p>\n<p>Por ejemplo, en Carmol Noticias, que dirige el respetable colega Carlos Mouth\u00f3n, se insiste en la salida de Kike Jaramillo de la Alcad\u00eda Local 1, as\u00ed haya jurado y perjurado que se queda todo el periodo; que aspirar\u00e1 a la C\u00e1mara y renunciar\u00e1 en marzo; que Estelita hace un receso y Yolanda Wong la sustituir\u00e1 en la secretar\u00eda General\u2026 son los movimientos de los corrillos\u2026<\/p>\n<p>&nbsp;<\/p>\n<p><strong>\u201cManolo lo est\u00e1 haciendo bien\u201d<\/strong><\/p>\n<p>Cada d\u00eda son m\u00e1s las voces que consideran que la pretendida revocatoria contra el alcalde Manolo Duque es innecesaria e injustificada. Desde el gobernador Dumek Turbay, los gremios y dirigencia c\u00edvica se ha manifestado la solidaridad con el mandatario, como lo hizo la senadora Nadia Blel, quien dijo que apenas ha transcurrido un a\u00f1o de mandato, \u201cy Manolo est\u00e1 haciendo las cosas bien, est\u00e1 liderando procesos y trabajando articulado con distintos estamentos\u201d.<\/p>\n","protected":false},"excerpt":{"rendered":"<p>M\u00fanera si \u201cpitchea\u201d de frente El exconcejal David M\u00fanera es el \u00fanico miembro de la oposici\u00f3n al alcalde Manolo Duque que parece de Grandes Ligas, porque \u201cpitchea\u201d de frente. Est\u00e1 con la revocatoria del mandato y acude a las audiencias del Concejo a expresar su punto de vista sobre los proyectos, como ocurri\u00f3 con el peaje de Bar\u00fa. Eso lo diferencia de otros opositores que se refugian en la sombra, en la burocracia o en el anonimato, y desde la oscuridad mantienen a sus alfiles lanzando dardos ponzo\u00f1osos a la&#8230; <\/p>\n","protected":false},"author":3,"featured_media":19170,"comment_status":"open","ping_status":"closed","sticky":false,"template":"","format":"standard","meta":{"footnotes":"","_links_to":"","_links_to_target":""},"categories":[75,47,44,45],"tags":[],"class_list":["post-19169","post","type-post","status-publish","format-standard","has-post-thumbnail","hentry","category-destacada","category-john-zamora","category-materiagris","category-orbita"],"_links":{"self":[{"href":"https:\/\/revistazetta.com\/index.php?rest_route=\/wp\/v2\/posts\/19169","targetHints":{"allow":["GET"]}}],"collection":[{"href":"https:\/\/revistazetta.com\/index.php?rest_route=\/wp\/v2\/posts"}],"about":[{"href":"https:\/\/revistazetta.com\/index.php?rest_route=\/wp\/v2\/types\/post"}],"author":[{"embeddable":true,"href":"https:\/\/revistazetta.com\/index.php?rest_route=\/wp\/v2\/users\/3"}],"replies":[{"embeddable":true,"href":"https:\/\/revistazetta.com\/index.php?rest_route=%2Fwp%2Fv2%2Fcomments&post=19169"}],"version-history":[{"count":0,"href":"https:\/\/revistazetta.com\/index.php?rest_route=\/wp\/v2\/posts\/19169\/revisions"}],"wp:featuredmedia":[{"embeddable":true,"href":"https:\/\/revistazetta.com\/index.php?rest_route=\/wp\/v2\/media\/19170"}],"wp:attachment":[{"href":"https:\/\/revistazetta.com\/index.php?rest_route=%2Fwp%2Fv2%2Fmedia&parent=19169"}],"wp:term":[{"taxonomy":"category","embeddable":true,"href":"https:\/\/revistazetta.com\/index.php?rest_route=%2Fwp%2Fv2%2Fcategories&post=19169"},{"taxonomy":"post_tag","embeddable":true,"href":"https:\/\/revistazetta.com\/index.php?rest_route=%2Fwp%2Fv2%2Ftags&post=19169"}],"curies":[{"name":"wp","href":"https:\/\/api.w.org\/{rel}","templated":true}]}}