{"id":19181,"date":"2017-02-23T06:50:03","date_gmt":"2017-02-23T11:50:03","guid":{"rendered":"http:\/\/www.revistazetta.com\/?p=19181"},"modified":"2017-02-23T07:52:50","modified_gmt":"2017-02-23T12:52:50","slug":"dia-gran-matriculaton-distrital-toda-via-mas-3-mil-cupos","status":"publish","type":"post","link":"https:\/\/revistazetta.com\/?p=19181","title":{"rendered":"\u201cEs-tu-d\u00eda\u201d, gran matriculat\u00f3n distrital: toda v\u00eda hay m\u00e1s de 3 mil cupos"},"content":{"rendered":"<p>En las instituciones educativas de Cartagena todav\u00eda hay por lo menos tres mil cupos disponibles y la consigna del alcalde Manolo Duque es que ning\u00fan ni\u00f1o se quede por fuera del sistema escolar.<\/p>\n<p>Para lograr que los padres de familia tomen conciencia y leven a sus hijos a los colegios, este viernes 24 de febrero se desarrollar\u00e1 una gran \u201cmatriculat\u00f3n\u201d, como parte de la jornada nacional denominada \u201cEs-tu-d\u00eda\u201d, organizada por el Ministerio de Educaci\u00f3n.<\/p>\n<p>Germ\u00e1n Sierra Anaya, secretario de Educaci\u00f3n Distrital, dijo que las puertas de todas las instituciones educativas est\u00e1n abiertas para matricular, y que todo el proceso es sencillo y gratuito. \u201cTenemos registradas unas 117 mil matr\u00edculas, y en con esta jornada \u201cEs-tu-d\u00eda\u201d esperamos llegar a 120 mil estudiantes matriculados\u201d, dijo el funcionario.<\/p>\n<p>La Secretar\u00eda de Educaci\u00f3n har\u00e1 una jornada especial en el nuevo megacolegio \u201cGabriel Garc\u00eda M\u00e1rquez\u201d, de Ciudad del Bicentenario, y har\u00e1 estrategias especiales en las instituciones Antonio Nari\u00f1o, Pies Descalzos, Jorge Artel y Coraz\u00f3n de Mar\u00eda, donde la matr\u00edcula todav\u00eda tiene amplio espacio.<\/p>\n<p>En la matriculat\u00f3n de \u201cEs-tu-d\u00eda\u201d tambi\u00e9n habr\u00e1 perifoneo, puerta a puerta y un llamado general a vincular a todos los menores en edad escolar.<\/p>\n<p>La ministra de Educaci\u00f3n, Yaneth Giha Tovar, y el alcalde de Cartagena, Manolo Duque, vienen coordinando acciones conjuntas para acentuar la misi\u00f3n educativa en Cartagena de Indias. \u201cEl actual gobierno se ha propuesto que todos los ni\u00f1os, ni\u00f1as y adolescentes en el territorio nacional, independientemente de la situaci\u00f3n socioecon\u00f3mica que afrontan, del lugar donde residen y dem\u00e1s aspectos que denoten diferencias, puedan tener las mismas posibilidades de acceder a una educaci\u00f3n de calidad\u201d, se\u00f1al\u00f3 la ministra.<\/p>\n","protected":false},"excerpt":{"rendered":"<p>En las instituciones educativas de Cartagena todav\u00eda hay por lo menos tres mil cupos disponibles y la consigna del alcalde Manolo Duque es que ning\u00fan ni\u00f1o se quede por fuera del sistema escolar. Para lograr que los padres de familia tomen conciencia y leven a sus hijos a los colegios, este viernes 24 de febrero se desarrollar\u00e1 una gran \u201cmatriculat\u00f3n\u201d, como parte de la jornada nacional denominada \u201cEs-tu-d\u00eda\u201d, organizada por el Ministerio de Educaci\u00f3n. Germ\u00e1n Sierra Anaya, secretario de Educaci\u00f3n Distrital, dijo que las puertas de todas las instituciones educativas&#8230; <\/p>\n","protected":false},"author":3,"featured_media":19190,"comment_status":"open","ping_status":"closed","sticky":false,"template":"","format":"standard","meta":{"footnotes":"","_links_to":"","_links_to_target":""},"categories":[75],"tags":[],"class_list":["post-19181","post","type-post","status-publish","format-standard","has-post-thumbnail","hentry","category-destacada"],"_links":{"self":[{"href":"https:\/\/revistazetta.com\/index.php?rest_route=\/wp\/v2\/posts\/19181","targetHints":{"allow":["GET"]}}],"collection":[{"href":"https:\/\/revistazetta.com\/index.php?rest_route=\/wp\/v2\/posts"}],"about":[{"href":"https:\/\/revistazetta.com\/index.php?rest_route=\/wp\/v2\/types\/post"}],"author":[{"embeddable":true,"href":"https:\/\/revistazetta.com\/index.php?rest_route=\/wp\/v2\/users\/3"}],"replies":[{"embeddable":true,"href":"https:\/\/revistazetta.com\/index.php?rest_route=%2Fwp%2Fv2%2Fcomments&post=19181"}],"version-history":[{"count":0,"href":"https:\/\/revistazetta.com\/index.php?rest_route=\/wp\/v2\/posts\/19181\/revisions"}],"wp:featuredmedia":[{"embeddable":true,"href":"https:\/\/revistazetta.com\/index.php?rest_route=\/wp\/v2\/media\/19190"}],"wp:attachment":[{"href":"https:\/\/revistazetta.com\/index.php?rest_route=%2Fwp%2Fv2%2Fmedia&parent=19181"}],"wp:term":[{"taxonomy":"category","embeddable":true,"href":"https:\/\/revistazetta.com\/index.php?rest_route=%2Fwp%2Fv2%2Fcategories&post=19181"},{"taxonomy":"post_tag","embeddable":true,"href":"https:\/\/revistazetta.com\/index.php?rest_route=%2Fwp%2Fv2%2Ftags&post=19181"}],"curies":[{"name":"wp","href":"https:\/\/api.w.org\/{rel}","templated":true}]}}