{"id":19182,"date":"2017-02-23T06:53:30","date_gmt":"2017-02-23T11:53:30","guid":{"rendered":"http:\/\/www.revistazetta.com\/?p=19182"},"modified":"2017-02-23T08:07:48","modified_gmt":"2017-02-23T13:07:48","slug":"emprendedores-locales-cerca-propio-negocio","status":"publish","type":"post","link":"https:\/\/revistazetta.com\/?p=19182","title":{"rendered":"Emprendedores locales, cerca de tener su propio negocio"},"content":{"rendered":"<p>Con la ilusi\u00f3n de que pronto ser\u00e1 realidad el sue\u00f1o de tener su propio negocio, salieron los participantes de la Feria de Proveedores desarrollada por Prosperidad Social en articulaci\u00f3n con la Alcald\u00eda de Cartagena y el respaldo del Plan de Emergencia Social Pedro Romero, en el marco del programa Mi Negocio.<\/p>\n<p>Javier Lora Jim\u00e9nez, director del PES-PR, explic\u00f3 que la Feria de Proveedores es la segunda etapa que cumplen los 880 cartageneros beneficiados con el programa Mi Negocio de Prosperidad Social, entidad del Gobierno Nacional que impulsa el esfuerzo de superaci\u00f3n de las familias vulnerables, en extrema pobreza, o v\u00edctimas del conflicto, a trav\u00e9s del desarrollo de sus ideas de negocio y contando con el apoyo del subprograma de Ingreso y Trabajo Para la Superaci\u00f3n de la Pobreza y la Desigualdad del PES-PR.<\/p>\n<p>Los potenciales comerciantes tuvieron la oportunidad de asistir dos d\u00edas al Coliseo de Combates con el objeto de cotizar y escoger los implementos, herramientas y equipos que requieren para desarrollar plenamente su actividad econ\u00f3mica. Es as\u00ed como all\u00ed pudieron observar entre la oferta elementos para peluquer\u00edas, cafeter\u00edas, panader\u00edas, restaurantes, refresquer\u00edas, reposter\u00edas, modister\u00edas, salas de internet, entre otros, que ser\u00e1n financiados con recursos de Prosperidad Social de acuerdo a los requerimientos plasmados en su Plan de Negocios.<\/p>\n<p>Asegur\u00f3 el funcionario que luego de cumplir con la primera etapa que consisti\u00f3 en recibir capacitaci\u00f3n fundamentada en talleres empresariales para estructurar y dar forma a lo que inicialmente fue una idea, pero que culmin\u00f3 con la formulaci\u00f3n de un Plan de Negocios bien consolidado, con el que se busca la generaci\u00f3n de ingresos para familias en situaci\u00f3n de vulnerabilidad.<\/p>\n<p>Lora Jim\u00e9nez dijo que con esta Feria de Proveedores se pretende que cada Plan de Negocio se consolide con lo requerido para su funcionamiento, dando paso a la financiaci\u00f3n que permitir\u00e1 su operaci\u00f3n contando con el acompa\u00f1amiento y seguimiento por parte de Prosperidad Social a trav\u00e9s de su operador y el PES-PR por la Alcald\u00eda de Cartagena.<\/p>\n","protected":false},"excerpt":{"rendered":"<p>Con la ilusi\u00f3n de que pronto ser\u00e1 realidad el sue\u00f1o de tener su propio negocio, salieron los participantes de la Feria de Proveedores desarrollada por Prosperidad Social en articulaci\u00f3n con la Alcald\u00eda de Cartagena y el respaldo del Plan de Emergencia Social Pedro Romero, en el marco del programa Mi Negocio. Javier Lora Jim\u00e9nez, director del PES-PR, explic\u00f3 que la Feria de Proveedores es la segunda etapa que cumplen los 880 cartageneros beneficiados con el programa Mi Negocio de Prosperidad Social, entidad del Gobierno Nacional que impulsa el esfuerzo de&#8230; <\/p>\n","protected":false},"author":3,"featured_media":19183,"comment_status":"open","ping_status":"closed","sticky":false,"template":"","format":"standard","meta":{"footnotes":"","_links_to":"","_links_to_target":""},"categories":[32,86,75],"tags":[],"class_list":["post-19182","post","type-post","status-publish","format-standard","has-post-thumbnail","hentry","category-actualidad-distrito","category-comunidad","category-destacada"],"_links":{"self":[{"href":"https:\/\/revistazetta.com\/index.php?rest_route=\/wp\/v2\/posts\/19182","targetHints":{"allow":["GET"]}}],"collection":[{"href":"https:\/\/revistazetta.com\/index.php?rest_route=\/wp\/v2\/posts"}],"about":[{"href":"https:\/\/revistazetta.com\/index.php?rest_route=\/wp\/v2\/types\/post"}],"author":[{"embeddable":true,"href":"https:\/\/revistazetta.com\/index.php?rest_route=\/wp\/v2\/users\/3"}],"replies":[{"embeddable":true,"href":"https:\/\/revistazetta.com\/index.php?rest_route=%2Fwp%2Fv2%2Fcomments&post=19182"}],"version-history":[{"count":0,"href":"https:\/\/revistazetta.com\/index.php?rest_route=\/wp\/v2\/posts\/19182\/revisions"}],"wp:featuredmedia":[{"embeddable":true,"href":"https:\/\/revistazetta.com\/index.php?rest_route=\/wp\/v2\/media\/19183"}],"wp:attachment":[{"href":"https:\/\/revistazetta.com\/index.php?rest_route=%2Fwp%2Fv2%2Fmedia&parent=19182"}],"wp:term":[{"taxonomy":"category","embeddable":true,"href":"https:\/\/revistazetta.com\/index.php?rest_route=%2Fwp%2Fv2%2Fcategories&post=19182"},{"taxonomy":"post_tag","embeddable":true,"href":"https:\/\/revistazetta.com\/index.php?rest_route=%2Fwp%2Fv2%2Ftags&post=19182"}],"curies":[{"name":"wp","href":"https:\/\/api.w.org\/{rel}","templated":true}]}}