{"id":19184,"date":"2017-02-23T06:58:11","date_gmt":"2017-02-23T11:58:11","guid":{"rendered":"http:\/\/www.revistazetta.com\/?p=19184"},"modified":"2017-02-23T07:00:11","modified_gmt":"2017-02-23T12:00:11","slug":"este-viernes-se-eligen-personeros-instituciones-educativas-oficiales","status":"publish","type":"post","link":"https:\/\/revistazetta.com\/?p=19184","title":{"rendered":"Este viernes se eligen Personeros en instituciones educativas oficiales"},"content":{"rendered":"<p>Las 104 instituciones educativas del Distrito elegir\u00e1n este 24 de febrero a sus Personeros Estudiantiles, quienes ser\u00e1n los encargados de promover el ejercicio de los deberes y derechos de los estudiantes consagrados en la Constituci\u00f3n Pol\u00edtica y las normas que rigen la educaci\u00f3n.<\/p>\n<p>El secretario de Educaci\u00f3n Distrital, Germ\u00e1n Sierra Anaya, dijo que desde el primer d\u00eda de clases se vienen haciendo capacitaciones tanto para los alumnos de grado 11, que tienen la prerrogativa de ser personeros, as\u00ed como para el resto de la comunidad educativa, para que conozcan y valoren la importancia de estos mecanismos democr\u00e1ticos en las escuelas.<\/p>\n<p>\u201cEs importante este proceso porque los estudiantes aprenden a valorar la democracia desde las aulas, se estimula la sana competencia de ideas y propuestas, y se asignan responsabilidades a los que resulten electos\u201d, explic\u00f3 el secretario de Educaci\u00f3n Distrital.<\/p>\n<p>Como acto protocolario, la apertura de las elecciones se program\u00f3 en el colegio Antonia Santos, con la presencia de la Primera Dama del Distrito, Viviana S\u00e1nchez de Duque, y el Personero Distrital, William Matson Ospino.<\/p>\n<p>&nbsp;<\/p>\n<p><strong>Normatividad<\/strong><\/p>\n<p>Decreto \u00danico Reglamentario del Sector Educaci\u00f3n -1075 de 2015. Art\u00edculo 2.3.3.1.5.11. Personero de los estudiantes. En todos los establecimientos educativos el personero de los estudiantes ser\u00e1 un alumno que curse el \u00faltimo grado que ofrezca la instituci\u00f3n encargado de promover el ejercicio de los deberes y derechos de los estudiantes consagrados en la Constituci\u00f3n Pol\u00edtica, las leyes, los reglamentos y el manual de convivencia.<\/p>\n<p>El personero tendr\u00e1 las siguientes funciones:<\/p>\n<ol>\n<li>Promover el cumplimiento de los derecho y deberes de los estudiantes, para lo cual podr\u00e1 utilizar los medios de comunicaci\u00f3n interna del establecimiento, pedir la colaboraci\u00f3n del consejo de estudiantes, organizar foros u otras formas de liberaci\u00f3n.<\/li>\n<li>Recibir y evaluar las quejas y reclamos que presenten educandos lesiones a sus derechos y las que formule cualquier persona de la comunidad sobre el incumplimiento de las obligaciones de los alumnos;<\/li>\n<li>Presentar ante el rector o el Director Administrativo, seg\u00fan sus competencias, las solicitudes de oficio o a petici\u00f3n de parte que considere necesarias para proteger los derechos de los estudiantes y facilitar el cumplimiento de sus deberes, y d) Cuando lo considere necesario, apelar ante el Consejo Directivo o el organismo que haga sus veces, las decisiones del rector respecto a las peticiones presentadas por su intermedio. personero de los estudiantes elegido dentro de los treinta d\u00edas calendario siguientes al de la iniciaci\u00f3n clases de un per\u00edodo lectivo anual. Para tal efecto rector convocar\u00e1 a todos los estudiantes matriculados con el fin de elegirlo por el sistema de mayor\u00eda simple y mediante voto secreto.<\/li>\n<\/ol>\n<p>El ejercicio del cargo de personero de los estudiantes es incompatible con el de de los estudiantes Consejo Directivo. (Decreto 1860 de 1994, art\u00edculo 28).<\/p>\n","protected":false},"excerpt":{"rendered":"<p>Las 104 instituciones educativas del Distrito elegir\u00e1n este 24 de febrero a sus Personeros Estudiantiles, quienes ser\u00e1n los encargados de promover el ejercicio de los deberes y derechos de los estudiantes consagrados en la Constituci\u00f3n Pol\u00edtica y las normas que rigen la educaci\u00f3n. El secretario de Educaci\u00f3n Distrital, Germ\u00e1n Sierra Anaya, dijo que desde el primer d\u00eda de clases se vienen haciendo capacitaciones tanto para los alumnos de grado 11, que tienen la prerrogativa de ser personeros, as\u00ed como para el resto de la comunidad educativa, para que conozcan y&#8230; <\/p>\n","protected":false},"author":3,"featured_media":0,"comment_status":"open","ping_status":"closed","sticky":false,"template":"","format":"standard","meta":{"footnotes":"","_links_to":"","_links_to_target":""},"categories":[32],"tags":[],"class_list":["post-19184","post","type-post","status-publish","format-standard","hentry","category-actualidad-distrito"],"_links":{"self":[{"href":"https:\/\/revistazetta.com\/index.php?rest_route=\/wp\/v2\/posts\/19184","targetHints":{"allow":["GET"]}}],"collection":[{"href":"https:\/\/revistazetta.com\/index.php?rest_route=\/wp\/v2\/posts"}],"about":[{"href":"https:\/\/revistazetta.com\/index.php?rest_route=\/wp\/v2\/types\/post"}],"author":[{"embeddable":true,"href":"https:\/\/revistazetta.com\/index.php?rest_route=\/wp\/v2\/users\/3"}],"replies":[{"embeddable":true,"href":"https:\/\/revistazetta.com\/index.php?rest_route=%2Fwp%2Fv2%2Fcomments&post=19184"}],"version-history":[{"count":0,"href":"https:\/\/revistazetta.com\/index.php?rest_route=\/wp\/v2\/posts\/19184\/revisions"}],"wp:attachment":[{"href":"https:\/\/revistazetta.com\/index.php?rest_route=%2Fwp%2Fv2%2Fmedia&parent=19184"}],"wp:term":[{"taxonomy":"category","embeddable":true,"href":"https:\/\/revistazetta.com\/index.php?rest_route=%2Fwp%2Fv2%2Fcategories&post=19184"},{"taxonomy":"post_tag","embeddable":true,"href":"https:\/\/revistazetta.com\/index.php?rest_route=%2Fwp%2Fv2%2Ftags&post=19184"}],"curies":[{"name":"wp","href":"https:\/\/api.w.org\/{rel}","templated":true}]}}