{"id":19185,"date":"2017-02-23T07:03:49","date_gmt":"2017-02-23T12:03:49","guid":{"rendered":"http:\/\/www.revistazetta.com\/?p=19185"},"modified":"2017-02-23T07:06:01","modified_gmt":"2017-02-23T12:06:01","slug":"renuncio-horacio-carcamo-mintrabajo","status":"publish","type":"post","link":"https:\/\/revistazetta.com\/?p=19185","title":{"rendered":"Renunci\u00f3 Horacio C\u00e1rcamo a Mintrabajo"},"content":{"rendered":"<p>Luego de cuatro a\u00f1o de gesti\u00f3n, el abogado Horacio C\u00e1rcamo \u00c1lvarez renunci\u00f3 al cargo de Director Territorial del Ministerio del Trabajo en Bol\u00edvar.<\/p>\n<p>En su carta de renuncia, manifest\u00f3 su agradecimiento a la titular de esa Cartagena, Clara L\u00f3pez Obreg\u00f3n, y dijo que \u201cestoy feliz de haber hecho parte de esta instituci\u00f3n\u201d, y agreg\u00f3 que su paso por esta entidad le permiti\u00f3 profundizar sus convicciones \u201cy la fe en el devenir de la Patria, que no puede ser menor al del entusiasmo de las luchas sociales y obreras en los tiempos de la esperanza\u201d.<\/p>\n<p>&nbsp;<\/p>\n","protected":false},"excerpt":{"rendered":"<p>Luego de cuatro a\u00f1o de gesti\u00f3n, el abogado Horacio C\u00e1rcamo \u00c1lvarez renunci\u00f3 al cargo de Director Territorial del Ministerio del Trabajo en Bol\u00edvar. En su carta de renuncia, manifest\u00f3 su agradecimiento a la titular de esa Cartagena, Clara L\u00f3pez Obreg\u00f3n, y dijo que \u201cestoy feliz de haber hecho parte de esta instituci\u00f3n\u201d, y agreg\u00f3 que su paso por esta entidad le permiti\u00f3 profundizar sus convicciones \u201cy la fe en el devenir de la Patria, que no puede ser menor al del entusiasmo de las luchas sociales y obreras en los&#8230; <\/p>\n","protected":false},"author":3,"featured_media":19186,"comment_status":"open","ping_status":"closed","sticky":false,"template":"","format":"standard","meta":{"footnotes":"","_links_to":"","_links_to_target":""},"categories":[4,75],"tags":[],"class_list":["post-19185","post","type-post","status-publish","format-standard","has-post-thumbnail","hentry","category-politica","category-destacada"],"_links":{"self":[{"href":"https:\/\/revistazetta.com\/index.php?rest_route=\/wp\/v2\/posts\/19185","targetHints":{"allow":["GET"]}}],"collection":[{"href":"https:\/\/revistazetta.com\/index.php?rest_route=\/wp\/v2\/posts"}],"about":[{"href":"https:\/\/revistazetta.com\/index.php?rest_route=\/wp\/v2\/types\/post"}],"author":[{"embeddable":true,"href":"https:\/\/revistazetta.com\/index.php?rest_route=\/wp\/v2\/users\/3"}],"replies":[{"embeddable":true,"href":"https:\/\/revistazetta.com\/index.php?rest_route=%2Fwp%2Fv2%2Fcomments&post=19185"}],"version-history":[{"count":0,"href":"https:\/\/revistazetta.com\/index.php?rest_route=\/wp\/v2\/posts\/19185\/revisions"}],"wp:featuredmedia":[{"embeddable":true,"href":"https:\/\/revistazetta.com\/index.php?rest_route=\/wp\/v2\/media\/19186"}],"wp:attachment":[{"href":"https:\/\/revistazetta.com\/index.php?rest_route=%2Fwp%2Fv2%2Fmedia&parent=19185"}],"wp:term":[{"taxonomy":"category","embeddable":true,"href":"https:\/\/revistazetta.com\/index.php?rest_route=%2Fwp%2Fv2%2Fcategories&post=19185"},{"taxonomy":"post_tag","embeddable":true,"href":"https:\/\/revistazetta.com\/index.php?rest_route=%2Fwp%2Fv2%2Ftags&post=19185"}],"curies":[{"name":"wp","href":"https:\/\/api.w.org\/{rel}","templated":true}]}}