{"id":19187,"date":"2017-02-23T07:07:21","date_gmt":"2017-02-23T12:07:21","guid":{"rendered":"http:\/\/www.revistazetta.com\/?p=19187"},"modified":"2017-02-23T07:07:21","modified_gmt":"2017-02-23T12:07:21","slug":"reto-juridico-la-curul-useche","status":"publish","type":"post","link":"https:\/\/revistazetta.com\/?p=19187","title":{"rendered":"Otro reto jur\u00eddico a la curul de Useche"},"content":{"rendered":"<p>La curul del concejal conservador Jorge Useche Correa est\u00e1 en vilo. El Tribunal Administrativo de Bol\u00edvar anul\u00f3 su elecci\u00f3n, pero por tratarse de primera instancia, una apelaci\u00f3n ante el Consejo de Estado alargar\u00e1 su permanencia en el Concejo de Cartagena.<\/p>\n<p>Es el segundo reto jur\u00eddico de gran magnitud que tiene que afrontar el concejal toda vez que en noviembre pasado fue privado transitoriamente de la libertad por la Fiscal\u00eda, en un caso que todav\u00eda se tramita por presunta corrupci\u00f3n electoral.<\/p>\n<p>Aunque el fallo se conoci\u00f3 este mi\u00e9rcoles en la tarde y se reg\u00f3 como p\u00f3lvora en whatsapp y redes sociales, el concejal Jorge Useche no hab\u00eda sido notificado del fallo del Tribunal Administrativo de Bol\u00edvar. Hizo saber, eso s\u00ed, que una vez lo notifiquen apelar\u00e1 la decisi\u00f3n porque cuenta con todas las pruebas para demostrar que \u201csuper\u00f3 a Rodrigo Reyes con 100 votos\u201d.<\/p>\n<p>Se refiere a Rodrigo Reyes Pereira, quien en d\u00edas pasados asumi\u00f3 como concejal de Cartagena en reemplazo de Zaid Adechine, quien fue destituido por la Procuradur\u00eda.<\/p>\n<p>Voceros de Useche Correa dijeron que \u201ces falso adem\u00e1s que de no validarse los E 26 sino que se tenga en cuenta los E 14, entre el candidato que le sigue en la lista (\u00d3scar Mar\u00edn), porque en los E 14, Useche supera de igual forma en votos a Mar\u00edn. Es decir Useche mantendr\u00eda la curul\u201d.<\/p>\n<p>Vea el texto completo de la sentencia en este enlace:<\/p>\n<p><a href=\"https:\/\/issuu.com\/revistazetta\/docs\/caso_useche_-_tribunal_administrati?e=11097158\/44759296\" target=\"_blank\" rel=\"noopener\">https:\/\/issuu.com\/revistazetta\/docs\/caso_useche_-_tribunal_administrati?e=11097158\/44759296<\/a><\/p>\n<p>&nbsp;<\/p>\n","protected":false},"excerpt":{"rendered":"<p>La curul del concejal conservador Jorge Useche Correa est\u00e1 en vilo. El Tribunal Administrativo de Bol\u00edvar anul\u00f3 su elecci\u00f3n, pero por tratarse de primera instancia, una apelaci\u00f3n ante el Consejo de Estado alargar\u00e1 su permanencia en el Concejo de Cartagena. Es el segundo reto jur\u00eddico de gran magnitud que tiene que afrontar el concejal toda vez que en noviembre pasado fue privado transitoriamente de la libertad por la Fiscal\u00eda, en un caso que todav\u00eda se tramita por presunta corrupci\u00f3n electoral. Aunque el fallo se conoci\u00f3 este mi\u00e9rcoles en la tarde&#8230; <\/p>\n","protected":false},"author":3,"featured_media":19188,"comment_status":"open","ping_status":"closed","sticky":false,"template":"","format":"standard","meta":{"footnotes":"","_links_to":"","_links_to_target":""},"categories":[75,27,4],"tags":[],"class_list":["post-19187","post","type-post","status-publish","format-standard","has-post-thumbnail","hentry","category-destacada","category-politicaconcejo","category-politica"],"_links":{"self":[{"href":"https:\/\/revistazetta.com\/index.php?rest_route=\/wp\/v2\/posts\/19187","targetHints":{"allow":["GET"]}}],"collection":[{"href":"https:\/\/revistazetta.com\/index.php?rest_route=\/wp\/v2\/posts"}],"about":[{"href":"https:\/\/revistazetta.com\/index.php?rest_route=\/wp\/v2\/types\/post"}],"author":[{"embeddable":true,"href":"https:\/\/revistazetta.com\/index.php?rest_route=\/wp\/v2\/users\/3"}],"replies":[{"embeddable":true,"href":"https:\/\/revistazetta.com\/index.php?rest_route=%2Fwp%2Fv2%2Fcomments&post=19187"}],"version-history":[{"count":0,"href":"https:\/\/revistazetta.com\/index.php?rest_route=\/wp\/v2\/posts\/19187\/revisions"}],"wp:featuredmedia":[{"embeddable":true,"href":"https:\/\/revistazetta.com\/index.php?rest_route=\/wp\/v2\/media\/19188"}],"wp:attachment":[{"href":"https:\/\/revistazetta.com\/index.php?rest_route=%2Fwp%2Fv2%2Fmedia&parent=19187"}],"wp:term":[{"taxonomy":"category","embeddable":true,"href":"https:\/\/revistazetta.com\/index.php?rest_route=%2Fwp%2Fv2%2Fcategories&post=19187"},{"taxonomy":"post_tag","embeddable":true,"href":"https:\/\/revistazetta.com\/index.php?rest_route=%2Fwp%2Fv2%2Ftags&post=19187"}],"curies":[{"name":"wp","href":"https:\/\/api.w.org\/{rel}","templated":true}]}}