{"id":19378,"date":"2017-03-06T23:55:57","date_gmt":"2017-03-07T04:55:57","guid":{"rendered":"http:\/\/www.revistazetta.com\/?p=19378"},"modified":"2017-03-07T00:02:49","modified_gmt":"2017-03-07T05:02:49","slug":"vecinos-agradecen-manolo-cierre-zona-u","status":"publish","type":"post","link":"https:\/\/revistazetta.com\/?p=19378","title":{"rendered":"Vecinos agradecen a Manolo cierre de \u201cZona U\u201d"},"content":{"rendered":"<p><img loading=\"lazy\" decoding=\"async\" class=\"alignright size-medium wp-image-19379\" src=\"https:\/\/www.revistazetta.com\/wp-content\/uploads\/2017\/03\/2017-03-05-PHOTO-00006332-300x188.jpg\" alt=\"2017-03-05-PHOTO-00006332\" width=\"300\" height=\"188\" srcset=\"https:\/\/revistazetta.com\/wp-content\/uploads\/2017\/03\/2017-03-05-PHOTO-00006332-300x188.jpg 300w, https:\/\/revistazetta.com\/wp-content\/uploads\/2017\/03\/2017-03-05-PHOTO-00006332-234x146.jpg 234w, https:\/\/revistazetta.com\/wp-content\/uploads\/2017\/03\/2017-03-05-PHOTO-00006332-50x31.jpg 50w, https:\/\/revistazetta.com\/wp-content\/uploads\/2017\/03\/2017-03-05-PHOTO-00006332-120x75.jpg 120w, https:\/\/revistazetta.com\/wp-content\/uploads\/2017\/03\/2017-03-05-PHOTO-00006332.jpg 800w\" sizes=\"auto, (max-width: 300px) 100vw, 300px\" \/>Por considerar que eran foco de intranquilidad e inseguridad, el cierre de 10 establecimientos de la llamada \u201cZona U\u201d fue aplaudido por la comunidad aleda\u00f1a.<\/p>\n<p>Los vecinos de Villa Sandra dijeron estar agradecidos con el alcalde Manolo Duque por haber erradicado esa \u00e1rea que se convirti\u00f3 en escenario de esc\u00e1ndalos, m\u00fasica en altos decibeles, personas embriagadas, venta de droga, atracos, entre otras anomal\u00edas.<\/p>\n<p>El operativo de cierre se cumpli\u00f3 el fin de semana, cuando el propio alcalde Duque y miembros de su equipo de gobierno y la fuerza p\u00fablica cerraron definitivamente varios establecimientos por no contar con el certificado de uso del suelo, acorde con el Plan de Ordenamiento Territorial, que estipula a tal sector como residencial y no comercial.<\/p>\n<p>Los establecimientos cerrados son Afrika, Jamaica Disco Club, Dicach\u00e9, Ooopa, San Andr\u00e9s, La Vuelta Disco Bar, Tu Playita, La Fant\u00e1stika, Mambo Lounge Bar y Kumba.<\/p>\n<p>Los operativos tambi\u00e9n se cumplieron en Las Gaviotas, donde se cerr\u00f3 El ba\u00fal de los Recuerdos, por no tener documentaci\u00f3n actualizada; Arrev\u00e9s, por sobrepasar decibeles, y tambi\u00e9 Impacto, por carecer de documentaci\u00f3n para su funcionamiento.<\/p>\n<p><img loading=\"lazy\" decoding=\"async\" class=\"alignright size-medium wp-image-19383\" src=\"https:\/\/www.revistazetta.com\/wp-content\/uploads\/2017\/03\/2017-03-05-PHOTO-00006336-300x188.jpg\" alt=\"2017-03-05-PHOTO-00006336\" width=\"300\" height=\"188\" srcset=\"https:\/\/revistazetta.com\/wp-content\/uploads\/2017\/03\/2017-03-05-PHOTO-00006336-300x188.jpg 300w, https:\/\/revistazetta.com\/wp-content\/uploads\/2017\/03\/2017-03-05-PHOTO-00006336-234x146.jpg 234w, https:\/\/revistazetta.com\/wp-content\/uploads\/2017\/03\/2017-03-05-PHOTO-00006336-50x31.jpg 50w, https:\/\/revistazetta.com\/wp-content\/uploads\/2017\/03\/2017-03-05-PHOTO-00006336-120x75.jpg 120w, https:\/\/revistazetta.com\/wp-content\/uploads\/2017\/03\/2017-03-05-PHOTO-00006336.jpg 800w\" sizes=\"auto, (max-width: 300px) 100vw, 300px\" \/> <img loading=\"lazy\" decoding=\"async\" class=\"alignright size-medium wp-image-19382\" src=\"https:\/\/www.revistazetta.com\/wp-content\/uploads\/2017\/03\/2017-03-05-PHOTO-00006335-300x188.jpg\" alt=\"2017-03-05-PHOTO-00006335\" width=\"300\" height=\"188\" srcset=\"https:\/\/revistazetta.com\/wp-content\/uploads\/2017\/03\/2017-03-05-PHOTO-00006335-300x188.jpg 300w, https:\/\/revistazetta.com\/wp-content\/uploads\/2017\/03\/2017-03-05-PHOTO-00006335-234x146.jpg 234w, https:\/\/revistazetta.com\/wp-content\/uploads\/2017\/03\/2017-03-05-PHOTO-00006335-50x31.jpg 50w, https:\/\/revistazetta.com\/wp-content\/uploads\/2017\/03\/2017-03-05-PHOTO-00006335-120x75.jpg 120w, https:\/\/revistazetta.com\/wp-content\/uploads\/2017\/03\/2017-03-05-PHOTO-00006335.jpg 960w\" sizes=\"auto, (max-width: 300px) 100vw, 300px\" \/> <img loading=\"lazy\" decoding=\"async\" class=\"alignright size-medium wp-image-19381\" src=\"https:\/\/www.revistazetta.com\/wp-content\/uploads\/2017\/03\/2017-03-05-PHOTO-00006334-188x300.jpg\" alt=\"2017-03-05-PHOTO-00006334\" width=\"188\" height=\"300\" srcset=\"https:\/\/revistazetta.com\/wp-content\/uploads\/2017\/03\/2017-03-05-PHOTO-00006334-188x300.jpg 188w, https:\/\/revistazetta.com\/wp-content\/uploads\/2017\/03\/2017-03-05-PHOTO-00006334-91x146.jpg 91w, https:\/\/revistazetta.com\/wp-content\/uploads\/2017\/03\/2017-03-05-PHOTO-00006334-31x50.jpg 31w, https:\/\/revistazetta.com\/wp-content\/uploads\/2017\/03\/2017-03-05-PHOTO-00006334-47x75.jpg 47w, https:\/\/revistazetta.com\/wp-content\/uploads\/2017\/03\/2017-03-05-PHOTO-00006334.jpg 600w\" sizes=\"auto, (max-width: 188px) 100vw, 188px\" \/> <img loading=\"lazy\" decoding=\"async\" class=\"alignright size-medium wp-image-19380\" src=\"https:\/\/www.revistazetta.com\/wp-content\/uploads\/2017\/03\/2017-03-05-PHOTO-00006333-300x188.jpg\" alt=\"2017-03-05-PHOTO-00006333\" width=\"300\" height=\"188\" srcset=\"https:\/\/revistazetta.com\/wp-content\/uploads\/2017\/03\/2017-03-05-PHOTO-00006333-300x188.jpg 300w, https:\/\/revistazetta.com\/wp-content\/uploads\/2017\/03\/2017-03-05-PHOTO-00006333-234x146.jpg 234w, https:\/\/revistazetta.com\/wp-content\/uploads\/2017\/03\/2017-03-05-PHOTO-00006333-50x31.jpg 50w, https:\/\/revistazetta.com\/wp-content\/uploads\/2017\/03\/2017-03-05-PHOTO-00006333-120x75.jpg 120w, https:\/\/revistazetta.com\/wp-content\/uploads\/2017\/03\/2017-03-05-PHOTO-00006333.jpg 960w\" sizes=\"auto, (max-width: 300px) 100vw, 300px\" \/><\/p>\n","protected":false},"excerpt":{"rendered":"<p>Por considerar que eran foco de intranquilidad e inseguridad, el cierre de 10 establecimientos de la llamada \u201cZona U\u201d fue aplaudido por la comunidad aleda\u00f1a. Los vecinos de Villa Sandra dijeron estar agradecidos con el alcalde Manolo Duque por haber erradicado esa \u00e1rea que se convirti\u00f3 en escenario de esc\u00e1ndalos, m\u00fasica en altos decibeles, personas embriagadas, venta de droga, atracos, entre otras anomal\u00edas. El operativo de cierre se cumpli\u00f3 el fin de semana, cuando el propio alcalde Duque y miembros de su equipo de gobierno y la fuerza p\u00fablica cerraron&#8230; <\/p>\n","protected":false},"author":3,"featured_media":19384,"comment_status":"open","ping_status":"closed","sticky":false,"template":"","format":"standard","meta":{"footnotes":"","_links_to":"","_links_to_target":""},"categories":[75,32],"tags":[],"class_list":["post-19378","post","type-post","status-publish","format-standard","has-post-thumbnail","hentry","category-destacada","category-actualidad-distrito"],"_links":{"self":[{"href":"https:\/\/revistazetta.com\/index.php?rest_route=\/wp\/v2\/posts\/19378","targetHints":{"allow":["GET"]}}],"collection":[{"href":"https:\/\/revistazetta.com\/index.php?rest_route=\/wp\/v2\/posts"}],"about":[{"href":"https:\/\/revistazetta.com\/index.php?rest_route=\/wp\/v2\/types\/post"}],"author":[{"embeddable":true,"href":"https:\/\/revistazetta.com\/index.php?rest_route=\/wp\/v2\/users\/3"}],"replies":[{"embeddable":true,"href":"https:\/\/revistazetta.com\/index.php?rest_route=%2Fwp%2Fv2%2Fcomments&post=19378"}],"version-history":[{"count":0,"href":"https:\/\/revistazetta.com\/index.php?rest_route=\/wp\/v2\/posts\/19378\/revisions"}],"wp:featuredmedia":[{"embeddable":true,"href":"https:\/\/revistazetta.com\/index.php?rest_route=\/wp\/v2\/media\/19384"}],"wp:attachment":[{"href":"https:\/\/revistazetta.com\/index.php?rest_route=%2Fwp%2Fv2%2Fmedia&parent=19378"}],"wp:term":[{"taxonomy":"category","embeddable":true,"href":"https:\/\/revistazetta.com\/index.php?rest_route=%2Fwp%2Fv2%2Fcategories&post=19378"},{"taxonomy":"post_tag","embeddable":true,"href":"https:\/\/revistazetta.com\/index.php?rest_route=%2Fwp%2Fv2%2Ftags&post=19378"}],"curies":[{"name":"wp","href":"https:\/\/api.w.org\/{rel}","templated":true}]}}