{"id":19389,"date":"2017-03-07T21:39:15","date_gmt":"2017-03-08T02:39:15","guid":{"rendered":"http:\/\/www.revistazetta.com\/?p=19389"},"modified":"2017-03-07T21:39:15","modified_gmt":"2017-03-08T02:39:15","slug":"se-graduo-la-primera-promocion-20-mujeres-capacitadas-centro-atencion-integral-pedro-romero","status":"publish","type":"post","link":"https:\/\/revistazetta.com\/?p=19389","title":{"rendered":"Se gradu\u00f3 la primera promoci\u00f3n de 20 mujeres capacitadas en el Centro de Atenci\u00f3n Integral Pedro Romero"},"content":{"rendered":"<p><strong><img loading=\"lazy\" decoding=\"async\" class=\"alignright size-medium wp-image-19391\" src=\"https:\/\/www.revistazetta.com\/wp-content\/uploads\/2017\/03\/2017-03-07-PHOTO-00000085-300x200.jpg\" alt=\"2017-03-07-PHOTO-00000085\" width=\"300\" height=\"200\" srcset=\"https:\/\/revistazetta.com\/wp-content\/uploads\/2017\/03\/2017-03-07-PHOTO-00000085-300x200.jpg 300w, https:\/\/revistazetta.com\/wp-content\/uploads\/2017\/03\/2017-03-07-PHOTO-00000085-1024x683.jpg 1024w, https:\/\/revistazetta.com\/wp-content\/uploads\/2017\/03\/2017-03-07-PHOTO-00000085-219x146.jpg 219w, https:\/\/revistazetta.com\/wp-content\/uploads\/2017\/03\/2017-03-07-PHOTO-00000085-50x33.jpg 50w, https:\/\/revistazetta.com\/wp-content\/uploads\/2017\/03\/2017-03-07-PHOTO-00000085-112x75.jpg 112w, https:\/\/revistazetta.com\/wp-content\/uploads\/2017\/03\/2017-03-07-PHOTO-00000085.jpg 1280w\" sizes=\"auto, (max-width: 300px) 100vw, 300px\" \/><\/strong>Se gradu\u00f3 la primera promoci\u00f3n de 20 mujeres t\u00e9cnicos operarios en Confecci\u00f3n Industrial, arrojadas por el Centro de Atenci\u00f3n Integral Pedro Romero, ubicado en Ciudad Bicentenario.<\/p>\n<p>Javier Lora Jim\u00e9nez, director del Plan de Emergencia Social- PES, explic\u00f3 que en concordancia con el programa Superaci\u00f3n de la Pobreza y la Desigualdad del Plan de Desarrollo Primero La Gente, se desarrollan alianzas estrat\u00e9gicas entre la Alcald\u00eda de Cartagena, en cabeza de Manolo Duque y los distintos sectores de la sociedad, para poner a disposici\u00f3n y muy cerca de la poblaci\u00f3n residente de Ciudad Bicentenario, Villas de Aranjuez, Flor del Campo y Colombiat\u00f3n, las carreras t\u00e9cnicas de Operarios de Confecci\u00f3n Industrial, Instalaciones El\u00e9ctricas Domiciliarias y Construcciones Residenciales, a trav\u00e9s de la estrategia del Centro de Atenci\u00f3n Integral Pedro Romero.<\/p>\n<p>Lora Jim\u00e9nez anunci\u00f3 que adem\u00e1s de su diploma, las 20 graduadas recibir\u00e1n apoyo para la creaci\u00f3n de sus propias unidades productivas a trav\u00e9s del sub programa de Ingreso y Trabajo del PES.<\/p>\n","protected":false},"excerpt":{"rendered":"<p>Se gradu\u00f3 la primera promoci\u00f3n de 20 mujeres t\u00e9cnicos operarios en Confecci\u00f3n Industrial, arrojadas por el Centro de Atenci\u00f3n Integral Pedro Romero, ubicado en Ciudad Bicentenario. Javier Lora Jim\u00e9nez, director del Plan de Emergencia Social- PES, explic\u00f3 que en concordancia con el programa Superaci\u00f3n de la Pobreza y la Desigualdad del Plan de Desarrollo Primero La Gente, se desarrollan alianzas estrat\u00e9gicas entre la Alcald\u00eda de Cartagena, en cabeza de Manolo Duque y los distintos sectores de la sociedad, para poner a disposici\u00f3n y muy cerca de la poblaci\u00f3n residente de&#8230; <\/p>\n","protected":false},"author":3,"featured_media":19390,"comment_status":"open","ping_status":"closed","sticky":false,"template":"","format":"standard","meta":{"footnotes":"","_links_to":"","_links_to_target":""},"categories":[32,86],"tags":[],"class_list":["post-19389","post","type-post","status-publish","format-standard","has-post-thumbnail","hentry","category-actualidad-distrito","category-comunidad"],"_links":{"self":[{"href":"https:\/\/revistazetta.com\/index.php?rest_route=\/wp\/v2\/posts\/19389","targetHints":{"allow":["GET"]}}],"collection":[{"href":"https:\/\/revistazetta.com\/index.php?rest_route=\/wp\/v2\/posts"}],"about":[{"href":"https:\/\/revistazetta.com\/index.php?rest_route=\/wp\/v2\/types\/post"}],"author":[{"embeddable":true,"href":"https:\/\/revistazetta.com\/index.php?rest_route=\/wp\/v2\/users\/3"}],"replies":[{"embeddable":true,"href":"https:\/\/revistazetta.com\/index.php?rest_route=%2Fwp%2Fv2%2Fcomments&post=19389"}],"version-history":[{"count":0,"href":"https:\/\/revistazetta.com\/index.php?rest_route=\/wp\/v2\/posts\/19389\/revisions"}],"wp:featuredmedia":[{"embeddable":true,"href":"https:\/\/revistazetta.com\/index.php?rest_route=\/wp\/v2\/media\/19390"}],"wp:attachment":[{"href":"https:\/\/revistazetta.com\/index.php?rest_route=%2Fwp%2Fv2%2Fmedia&parent=19389"}],"wp:term":[{"taxonomy":"category","embeddable":true,"href":"https:\/\/revistazetta.com\/index.php?rest_route=%2Fwp%2Fv2%2Fcategories&post=19389"},{"taxonomy":"post_tag","embeddable":true,"href":"https:\/\/revistazetta.com\/index.php?rest_route=%2Fwp%2Fv2%2Ftags&post=19389"}],"curies":[{"name":"wp","href":"https:\/\/api.w.org\/{rel}","templated":true}]}}