{"id":19416,"date":"2017-03-08T20:49:23","date_gmt":"2017-03-09T01:49:23","guid":{"rendered":"http:\/\/www.revistazetta.com\/?p=19416"},"modified":"2017-03-08T20:49:23","modified_gmt":"2017-03-09T01:49:23","slug":"piden-alcaldes-bolivar-establecer-escuela-padres-todos-los-colegios","status":"publish","type":"post","link":"https:\/\/revistazetta.com\/?p=19416","title":{"rendered":"Piden a Alcaldes de Bol\u00edvar establecer Escuela de Padres en todos los colegios"},"content":{"rendered":"<p>Un llamado a sumar esfuerzos para la eliminaci\u00f3n de la violencia sexual contra la ni\u00f1ez bolivarense hizo hoy la Directora General del Instituto Colombiano Bienestar Familiar, Cristina Plazas Michelsen, en la ciudad de Cartagena.<\/p>\n<p>Al t\u00e9rmino de una jornada de trabajo con el Gobernador de Bol\u00edvar, Dumek Turbay Paz, y 34 alcaldes para la articulaci\u00f3n de acciones en temas clave para la ni\u00f1ez en sus comunidades, Plazas Michelsen inst\u00f3 a los mandatarios a priorizar iniciativas para fortalecer el rol de las familias en la crianza de sus hijos.<\/p>\n<p>\u201cSi no fortalecemos a las familias en el pa\u00eds no vamos a alcanzar la paz. Los ni\u00f1os est\u00e1n sufriendo m\u00e1s violencia en la casa que en la calle y la pregunta es si los gobiernos est\u00e1n dando las herramientas a los pap\u00e1s para que puedan ser buenos padres. \u00bfEstamos formando buenos ciudadanos? \u00bfEstamos formando a los pap\u00e1s y mam\u00e1s para enfrentar los problemas que se presentan a diario en el colegio, la calle y la casa?\u201d, cuestion\u00f3 la funcionaria.<\/p>\n<p>En este sentido, Plazas Michelsen propuso la implementaci\u00f3n de la escuela de padres del ICBF en todos los colegios de Bol\u00edvar, en un trabajo que involucre a pap\u00e1s, maestros y ni\u00f1os, de tal manera que todos \u201chablen el mismo idioma\u201d y puedan sortear los problemas m\u00e1s recurrentes de los ni\u00f1os y adolescentes.<\/p>\n<p>La Directora del ICBF advirti\u00f3 que en Bol\u00edvar, el embarazo en adolescentes registra una cifra del 23%, por encima del promedio nacional que se ubica en el 17%. Invit\u00f3 a los alcaldes a convertir las acciones para la reducci\u00f3n de esta problem\u00e1tica en una prioridad.<\/p>\n<p>\u201cNo podemos cantar victoria por una raz\u00f3n fundamental y es que el embarazo en adolescentes baj\u00f3 en las zonas urbanas pero no en las zonas rurales y adem\u00e1s aument\u00f3 el embarazo en las ni\u00f1as menores de 14 a\u00f1os, cuando todos ustedes saben que tener una relaci\u00f3n sexual con un ni\u00f1o o una ni\u00f1a menor de 14 a\u00f1os es delito\u201d, se\u00f1al\u00f3 la Directora.<\/p>\n<p>Finalmente, Cristina Plazas record\u00f3 a los mandatarios locales de Bol\u00edvar que, en su responsabilidad de velar por los derechos de la ni\u00f1ez, deben garantizar el buen manejo de los recursos para ellos.<\/p>\n<p>\u201cCada uno de ustedes tiene que velar para que los recursos que se destinen en pro de los ni\u00f1os, ni\u00f1as y adolescentes sean bien invertidos. La corrupci\u00f3n con los recursos de los ni\u00f1os es el peor acto criminal que existe\u201d, puntualiz\u00f3.<\/p>\n","protected":false},"excerpt":{"rendered":"<p>Un llamado a sumar esfuerzos para la eliminaci\u00f3n de la violencia sexual contra la ni\u00f1ez bolivarense hizo hoy la Directora General del Instituto Colombiano Bienestar Familiar, Cristina Plazas Michelsen, en la ciudad de Cartagena. Al t\u00e9rmino de una jornada de trabajo con el Gobernador de Bol\u00edvar, Dumek Turbay Paz, y 34 alcaldes para la articulaci\u00f3n de acciones en temas clave para la ni\u00f1ez en sus comunidades, Plazas Michelsen inst\u00f3 a los mandatarios a priorizar iniciativas para fortalecer el rol de las familias en la crianza de sus hijos. \u201cSi no&#8230; <\/p>\n","protected":false},"author":3,"featured_media":19417,"comment_status":"open","ping_status":"closed","sticky":false,"template":"","format":"standard","meta":{"footnotes":"","_links_to":"","_links_to_target":""},"categories":[80,33,75],"tags":[],"class_list":["post-19416","post","type-post","status-publish","format-standard","has-post-thumbnail","hentry","category-region","category-actualidad-bolivar","category-destacada"],"_links":{"self":[{"href":"https:\/\/revistazetta.com\/index.php?rest_route=\/wp\/v2\/posts\/19416","targetHints":{"allow":["GET"]}}],"collection":[{"href":"https:\/\/revistazetta.com\/index.php?rest_route=\/wp\/v2\/posts"}],"about":[{"href":"https:\/\/revistazetta.com\/index.php?rest_route=\/wp\/v2\/types\/post"}],"author":[{"embeddable":true,"href":"https:\/\/revistazetta.com\/index.php?rest_route=\/wp\/v2\/users\/3"}],"replies":[{"embeddable":true,"href":"https:\/\/revistazetta.com\/index.php?rest_route=%2Fwp%2Fv2%2Fcomments&post=19416"}],"version-history":[{"count":0,"href":"https:\/\/revistazetta.com\/index.php?rest_route=\/wp\/v2\/posts\/19416\/revisions"}],"wp:featuredmedia":[{"embeddable":true,"href":"https:\/\/revistazetta.com\/index.php?rest_route=\/wp\/v2\/media\/19417"}],"wp:attachment":[{"href":"https:\/\/revistazetta.com\/index.php?rest_route=%2Fwp%2Fv2%2Fmedia&parent=19416"}],"wp:term":[{"taxonomy":"category","embeddable":true,"href":"https:\/\/revistazetta.com\/index.php?rest_route=%2Fwp%2Fv2%2Fcategories&post=19416"},{"taxonomy":"post_tag","embeddable":true,"href":"https:\/\/revistazetta.com\/index.php?rest_route=%2Fwp%2Fv2%2Ftags&post=19416"}],"curies":[{"name":"wp","href":"https:\/\/api.w.org\/{rel}","templated":true}]}}