{"id":19420,"date":"2017-03-09T06:45:48","date_gmt":"2017-03-09T11:45:48","guid":{"rendered":"http:\/\/www.revistazetta.com\/?p=19420"},"modified":"2017-03-09T06:45:48","modified_gmt":"2017-03-09T11:45:48","slug":"claudia-anaya-reemplazo-jacqueline-perea-mas-familias-accion","status":"publish","type":"post","link":"https:\/\/revistazetta.com\/?p=19420","title":{"rendered":"Claudia Anaya reemplaz\u00f3 a Jacqueline Perea en Mas Familias en Acci\u00f3n \u00a0"},"content":{"rendered":"<p><strong><img loading=\"lazy\" decoding=\"async\" class=\"alignright size-medium wp-image-19421\" src=\"https:\/\/www.revistazetta.com\/wp-content\/uploads\/2017\/03\/Claudia-Familias-240x300.jpg\" alt=\"Claudia Familias\" width=\"240\" height=\"300\" srcset=\"https:\/\/revistazetta.com\/wp-content\/uploads\/2017\/03\/Claudia-Familias-240x300.jpg 240w, https:\/\/revistazetta.com\/wp-content\/uploads\/2017\/03\/Claudia-Familias-117x146.jpg 117w, https:\/\/revistazetta.com\/wp-content\/uploads\/2017\/03\/Claudia-Familias-40x50.jpg 40w, https:\/\/revistazetta.com\/wp-content\/uploads\/2017\/03\/Claudia-Familias-60x75.jpg 60w, https:\/\/revistazetta.com\/wp-content\/uploads\/2017\/03\/Claudia-Familias.jpg 400w\" sizes=\"auto, (max-width: 240px) 100vw, 240px\" \/><\/strong>La alcaldesa encargada Luz Estela C\u00e1ceres posesion\u00f3 al nuevo Enlace Distrital del Programa M\u00e1s Familias en Acci\u00f3n. Se trata de Claudia del\u00a0Carmen Anaya Mar\u00edn, quien reemplaza formalmente a Jacqueline Perea, que renunci\u00f3 para aspirar al Congreso.<\/p>\n<p>Claudia del Carmen Anaya Mar\u00edn es Trabajadora\u00a0Social egresada de Universidad de Cartagena y especialista en Gerencia Ambiental de la ESAP.\u00a0Anaya Mar\u00edn cuenta con 20 a\u00f1os de experiencia en\u00a0trabajo comunitario, fue coordinadora del programa de Adulto Mayor de la Secretaria de\u00a0Participaci\u00f3n y Desarrollo Social y Coordinadora\u00a0de Territorio y Poblaci\u00f3n de la dependencia que\u00a0actualmente entra a dirigir.<\/p>\n<p>\u201cTengo bastante experiencia en el plano\u00a0comunitario, llevo m\u00e1s de 20 a\u00f1os trabajando con\u00a0la poblaci\u00f3n vulnerable, adem\u00e1s estuve vinculada al programa durante un periodo de un a\u00f1o y medio\u00a0como l\u00edder de Territorio y Poblaci\u00f3n y vengo de la<\/p>\n<p>unidad del Adulto Mayor de la Secretaria de\u00a0Participaci\u00f3n y Desarrollo Social del Distrito de Cartagena\u201d.<\/p>\n<p>El nuevo Enlace dijo que continuar\u00e1n incentivando al buen\u00a0uso de los recursos que env\u00eda el Gobierno Nacional para educaci\u00f3n y salud de los ni\u00f1os y\u00a0ni\u00f1as del programa y asegur\u00f3 que se seguir\u00e1\u00a0trabajando por el bien de la comunidad, pero sobre\u00a0todo por los beneficiarios de Familias en Acci\u00f3n<\/p>\n<p>Claudia Anaya est\u00e1 casada con el m\u00e9dico Carlos\u00a0Mario Gonz\u00e1lez Fuente \u00a0y es madre de dos ni\u00f1os.<\/p>\n","protected":false},"excerpt":{"rendered":"<p>La alcaldesa encargada Luz Estela C\u00e1ceres posesion\u00f3 al nuevo Enlace Distrital del Programa M\u00e1s Familias en Acci\u00f3n. Se trata de Claudia del\u00a0Carmen Anaya Mar\u00edn, quien reemplaza formalmente a Jacqueline Perea, que renunci\u00f3 para aspirar al Congreso. Claudia del Carmen Anaya Mar\u00edn es Trabajadora\u00a0Social egresada de Universidad de Cartagena y especialista en Gerencia Ambiental de la ESAP.\u00a0Anaya Mar\u00edn cuenta con 20 a\u00f1os de experiencia en\u00a0trabajo comunitario, fue coordinadora del programa de Adulto Mayor de la Secretaria de\u00a0Participaci\u00f3n y Desarrollo Social y Coordinadora\u00a0de Territorio y Poblaci\u00f3n de la dependencia que\u00a0actualmente entra a&#8230; <\/p>\n","protected":false},"author":3,"featured_media":19422,"comment_status":"open","ping_status":"closed","sticky":false,"template":"","format":"standard","meta":{"footnotes":"","_links_to":"","_links_to_target":""},"categories":[75,85,32],"tags":[],"class_list":["post-19420","post","type-post","status-publish","format-standard","has-post-thumbnail","hentry","category-destacada","category-cartagena","category-actualidad-distrito"],"_links":{"self":[{"href":"https:\/\/revistazetta.com\/index.php?rest_route=\/wp\/v2\/posts\/19420","targetHints":{"allow":["GET"]}}],"collection":[{"href":"https:\/\/revistazetta.com\/index.php?rest_route=\/wp\/v2\/posts"}],"about":[{"href":"https:\/\/revistazetta.com\/index.php?rest_route=\/wp\/v2\/types\/post"}],"author":[{"embeddable":true,"href":"https:\/\/revistazetta.com\/index.php?rest_route=\/wp\/v2\/users\/3"}],"replies":[{"embeddable":true,"href":"https:\/\/revistazetta.com\/index.php?rest_route=%2Fwp%2Fv2%2Fcomments&post=19420"}],"version-history":[{"count":0,"href":"https:\/\/revistazetta.com\/index.php?rest_route=\/wp\/v2\/posts\/19420\/revisions"}],"wp:featuredmedia":[{"embeddable":true,"href":"https:\/\/revistazetta.com\/index.php?rest_route=\/wp\/v2\/media\/19422"}],"wp:attachment":[{"href":"https:\/\/revistazetta.com\/index.php?rest_route=%2Fwp%2Fv2%2Fmedia&parent=19420"}],"wp:term":[{"taxonomy":"category","embeddable":true,"href":"https:\/\/revistazetta.com\/index.php?rest_route=%2Fwp%2Fv2%2Fcategories&post=19420"},{"taxonomy":"post_tag","embeddable":true,"href":"https:\/\/revistazetta.com\/index.php?rest_route=%2Fwp%2Fv2%2Ftags&post=19420"}],"curies":[{"name":"wp","href":"https:\/\/api.w.org\/{rel}","templated":true}]}}