{"id":19423,"date":"2017-03-09T06:58:58","date_gmt":"2017-03-09T11:58:58","guid":{"rendered":"http:\/\/www.revistazetta.com\/?p=19423"},"modified":"2017-03-09T07:14:37","modified_gmt":"2017-03-09T12:14:37","slug":"cartagena-se-prepara-marcha-ciudadana-1-abril","status":"publish","type":"post","link":"https:\/\/revistazetta.com\/?p=19423","title":{"rendered":"Cartagena se prepara para marcha ciudadana el 1 de abril"},"content":{"rendered":"<p>Como parte de una iniciativa ciudadana, cientos de Cartageneros se dieron cita en el hotel Cartagena Plaza, para organizar lo que ser\u00e1 la marcha \u201cCartagena A La Calle\u201d, en rechazo al actual gobierno del presidente Juan Manuel Santos y a los acuerdos de La Habana, ya negados en las urnas el pasado 2 de octubre.<\/p>\n<p>Al encuentro asistieron el exprocurador Alejandro Ordo\u00f1ez; el senador del Centro Democr\u00e1tico, Fernando Nicol\u00e1s Ara\u00fajo; el ex canciller Fernando Ara\u00fajo; miembros de la reserva activa, l\u00edderes religiosos, movimientos ciudadanos y comunidad de diferentes sectores de Cartagena.<\/p>\n<p>\u201cCon el mecanismo Castrochavista del Fast Track, est\u00e1n intentando meter los acuerdos de La Habana en la Constituci\u00f3n colombiana, por eso vamos a salir unidos para recordarle a Santos, a los establecimientos comprados y a las Farc, que el NO gan\u00f3 y que esos acuerdos como los quieres imponer no los vamos a dejar\u201d, indic\u00f3 el senador Ara\u00fajo durante su intervenci\u00f3n.<\/p>\n<p>Por su parte, el exprocurador tambi\u00e9n lanz\u00f3 fuertes cr\u00edticas al Gobierno del presidente Juan Manuel Santos, e invit\u00f3 a los cartageneros a marchar el 1 de abril, para empezar desde las calles a reclamar el resultado del plebiscito.<\/p>\n<p>As\u00ed mismo, los miembros de la reserva activa manifestaron su apoyo y decisi\u00f3n de acompa\u00f1ar todas las iniciativas ciudadanas en caminadas a lo que ellos llaman \u201csalvar La Patria\u201d.<\/p>\n<p>A esta convocatoria tambi\u00e9n se sumaron activistas religiosos, comunitarios y decenas de ciudadanos preocupados por el futuro del pa\u00eds, \u201csino nos levantamos ahora, en unos a\u00f1os estaremos como Venezuela buscando comida en la basura, tenemos que reaccionar y rechazar la llegada del comunismo a Colombia\u201d, indic\u00f3 una de los asistentes al evento.<\/p>\n<p>La marcha se realizar\u00e1 en diferentes ciudades del pa\u00eds el 1 de abril, en Cartagena ser\u00e1 desde el Parque Apolo hasta el Camell\u00f3n de los M\u00e1rtires y est\u00e1 convocada para las 8:00 de la ma\u00f1ana.<\/p>\n","protected":false},"excerpt":{"rendered":"<p>Como parte de una iniciativa ciudadana, cientos de Cartageneros se dieron cita en el hotel Cartagena Plaza, para organizar lo que ser\u00e1 la marcha \u201cCartagena A La Calle\u201d, en rechazo al actual gobierno del presidente Juan Manuel Santos y a los acuerdos de La Habana, ya negados en las urnas el pasado 2 de octubre. Al encuentro asistieron el exprocurador Alejandro Ordo\u00f1ez; el senador del Centro Democr\u00e1tico, Fernando Nicol\u00e1s Ara\u00fajo; el ex canciller Fernando Ara\u00fajo; miembros de la reserva activa, l\u00edderes religiosos, movimientos ciudadanos y comunidad de diferentes sectores de&#8230; <\/p>\n","protected":false},"author":3,"featured_media":19424,"comment_status":"open","ping_status":"closed","sticky":false,"template":"","format":"standard","meta":{"footnotes":"","_links_to":"","_links_to_target":""},"categories":[4],"tags":[],"class_list":["post-19423","post","type-post","status-publish","format-standard","has-post-thumbnail","hentry","category-politica"],"_links":{"self":[{"href":"https:\/\/revistazetta.com\/index.php?rest_route=\/wp\/v2\/posts\/19423","targetHints":{"allow":["GET"]}}],"collection":[{"href":"https:\/\/revistazetta.com\/index.php?rest_route=\/wp\/v2\/posts"}],"about":[{"href":"https:\/\/revistazetta.com\/index.php?rest_route=\/wp\/v2\/types\/post"}],"author":[{"embeddable":true,"href":"https:\/\/revistazetta.com\/index.php?rest_route=\/wp\/v2\/users\/3"}],"replies":[{"embeddable":true,"href":"https:\/\/revistazetta.com\/index.php?rest_route=%2Fwp%2Fv2%2Fcomments&post=19423"}],"version-history":[{"count":0,"href":"https:\/\/revistazetta.com\/index.php?rest_route=\/wp\/v2\/posts\/19423\/revisions"}],"wp:featuredmedia":[{"embeddable":true,"href":"https:\/\/revistazetta.com\/index.php?rest_route=\/wp\/v2\/media\/19424"}],"wp:attachment":[{"href":"https:\/\/revistazetta.com\/index.php?rest_route=%2Fwp%2Fv2%2Fmedia&parent=19423"}],"wp:term":[{"taxonomy":"category","embeddable":true,"href":"https:\/\/revistazetta.com\/index.php?rest_route=%2Fwp%2Fv2%2Fcategories&post=19423"},{"taxonomy":"post_tag","embeddable":true,"href":"https:\/\/revistazetta.com\/index.php?rest_route=%2Fwp%2Fv2%2Ftags&post=19423"}],"curies":[{"name":"wp","href":"https:\/\/api.w.org\/{rel}","templated":true}]}}