{"id":19425,"date":"2017-03-09T07:22:00","date_gmt":"2017-03-09T12:22:00","guid":{"rendered":"http:\/\/www.revistazetta.com\/?p=19425"},"modified":"2017-03-09T07:22:00","modified_gmt":"2017-03-09T12:22:00","slug":"concejales-homenajearon-la-mujer-dia","status":"publish","type":"post","link":"https:\/\/revistazetta.com\/?p=19425","title":{"rendered":"Concejales homenajearon a la Mujer en su d\u00eda"},"content":{"rendered":"<p>El presidente del Concejo Distrital de Cartagena, Lewis Montero Polo, encabez\u00f3 un homenaje a todas las mujeres que laboran en la corporaci\u00f3n.<\/p>\n<p>\u201cEsto lo hacemos con todo el placer, agrado y cari\u00f1o que ustedes mujeres profesan cada d\u00eda, mujeres cartageneras que trabajan con dedicaci\u00f3n y afecto por servir mejor a los ciudadanos\u00bb, dijo.<\/p>\n<p>William P\u00e9rez, concejal de la bancada de La U, pidi\u00f3 la palabra tambi\u00e9n para exaltar y resaltar la labor de la mujer, dejando claro en su intervenci\u00f3n que \u00abpara las mujeres lo que abunda no sobra\u00bb.<\/p>\n<p>Las concejales Duvinia Torres y Ang\u00e9lica Hodeg agradecieron a sus colegas por las manifestaciones de cari\u00f1o que hoy expresaron en plenaria, y recordaron que se conmemora el d\u00eda de la mujer, las cuales han venido impulsando nuevos espacios y han alzado la voz para que d\u00eda a d\u00eda las sociedades sean equitativas, justas e incluyentes y que cada vez m\u00e1s se est\u00e1 divisando el papel de la mujer.<\/p>\n<p>Javier Curi, de la bancada liberal, y tambi\u00e9n manifest\u00f3 sus buenos deseos para la mujer e hizo una gran precisi\u00f3n, porque se est\u00e1 homenajeando son los derechos de la mujer trabajadora a nivel mundial y propuso en plenaria hacer control pol\u00edtico a todos los programas del plan de desarrollo que defienden los derechos de la mujer.<\/p>\n<p>David D\u00e1ger\u00a0agreg\u00f3 que \u201choy es un d\u00eda muy especial para el universo y el mundo, felicito a todas las mujeres, de igual manera record\u00f3 a todas las mujeres que estuvieron en la corporaci\u00f3n como concejalas\u201d.<\/p>\n<p>Cesar Pi\u00f3n, segundo Vicepresidente de la corporaci\u00f3n, hizo en plenaria un an\u00e1lisis de por qu\u00e9 se reclaman los derechos de la mujer, record\u00f3 tambi\u00e9n las mujeres que hacen parte de la biblia y sus mensajes.<\/p>\n<p>Ronald Fortich, del movimiento Cartagena con Firmas, expres\u00f3 su compromiso y felicit\u00f3 a todas las mujeres en este d\u00eda, \u201cseguimos trabajando por los derechos de m\u00e1s mujeres, desde esta curul acompa\u00f1ar\u00e9 a las colegas y amigas para que en la ciudad mejoren las problem\u00e1ticas que afectan a las mujeres\u201d.<\/p>\n","protected":false},"excerpt":{"rendered":"<p>El presidente del Concejo Distrital de Cartagena, Lewis Montero Polo, encabez\u00f3 un homenaje a todas las mujeres que laboran en la corporaci\u00f3n. \u201cEsto lo hacemos con todo el placer, agrado y cari\u00f1o que ustedes mujeres profesan cada d\u00eda, mujeres cartageneras que trabajan con dedicaci\u00f3n y afecto por servir mejor a los ciudadanos\u00bb, dijo. William P\u00e9rez, concejal de la bancada de La U, pidi\u00f3 la palabra tambi\u00e9n para exaltar y resaltar la labor de la mujer, dejando claro en su intervenci\u00f3n que \u00abpara las mujeres lo que abunda no sobra\u00bb. Las&#8230; <\/p>\n","protected":false},"author":3,"featured_media":0,"comment_status":"open","ping_status":"closed","sticky":false,"template":"","format":"standard","meta":{"footnotes":"","_links_to":"","_links_to_target":""},"categories":[2],"tags":[],"class_list":["post-19425","post","type-post","status-publish","format-standard","hentry","category-actualidad"],"_links":{"self":[{"href":"https:\/\/revistazetta.com\/index.php?rest_route=\/wp\/v2\/posts\/19425","targetHints":{"allow":["GET"]}}],"collection":[{"href":"https:\/\/revistazetta.com\/index.php?rest_route=\/wp\/v2\/posts"}],"about":[{"href":"https:\/\/revistazetta.com\/index.php?rest_route=\/wp\/v2\/types\/post"}],"author":[{"embeddable":true,"href":"https:\/\/revistazetta.com\/index.php?rest_route=\/wp\/v2\/users\/3"}],"replies":[{"embeddable":true,"href":"https:\/\/revistazetta.com\/index.php?rest_route=%2Fwp%2Fv2%2Fcomments&post=19425"}],"version-history":[{"count":0,"href":"https:\/\/revistazetta.com\/index.php?rest_route=\/wp\/v2\/posts\/19425\/revisions"}],"wp:attachment":[{"href":"https:\/\/revistazetta.com\/index.php?rest_route=%2Fwp%2Fv2%2Fmedia&parent=19425"}],"wp:term":[{"taxonomy":"category","embeddable":true,"href":"https:\/\/revistazetta.com\/index.php?rest_route=%2Fwp%2Fv2%2Fcategories&post=19425"},{"taxonomy":"post_tag","embeddable":true,"href":"https:\/\/revistazetta.com\/index.php?rest_route=%2Fwp%2Fv2%2Ftags&post=19425"}],"curies":[{"name":"wp","href":"https:\/\/api.w.org\/{rel}","templated":true}]}}