{"id":19426,"date":"2017-03-09T07:23:28","date_gmt":"2017-03-09T12:23:28","guid":{"rendered":"http:\/\/www.revistazetta.com\/?p=19426"},"modified":"2017-03-09T07:48:49","modified_gmt":"2017-03-09T12:48:49","slug":"la-bandera-la-inclusion-kike-jaramillo-se-fue-la-alcaldia-local-aspirar-al-congreso","status":"publish","type":"post","link":"https:\/\/revistazetta.com\/?p=19426","title":{"rendered":"Con la bandera de la inclusi\u00f3n, Kike Jaramillo se fue de la Alcald\u00eda Local para aspirar al Congreso"},"content":{"rendered":"<p>Ante centenares de l\u00edderes c\u00edvicos, comunales, independientes, hombres y mujeres comunes y corrientes, Javier Enrique Jaramillo Mart\u00ednez, alcalde de la Localidad Hist\u00f3rica y del Caribe Norte, present\u00f3 un informe de gesti\u00f3n del a\u00f1o 2016, destac\u00e1ndose la inversi\u00f3n social y la atenci\u00f3n a los j\u00f3venes en riesgo, sin dejar de lado el trabajo por la recuperaci\u00f3n de m\u00e1s de 15 kil\u00f3metros de espacio p\u00fablico, controles a establecimiento y realizaci\u00f3n de importantes obras.<\/p>\n<p>Javier Jaramillo, alcalde saliente de la Localidad Hist\u00f3rica y del Caribe Norte, precis\u00f3 que lo que la gente de la localidad\u00a0 pidi\u00f3 en las mesas de trabajo para elaborar el Plan de Desarrollo\u00a0 \u201cPrimero La Gente, por una Localidad Sostenible, Competitiva e Incluyente\u201d, donde se implementaron proyectos productivos, capacitaciones y otras acciones que permitieron superar la desigualdad y la brecha social.<\/p>\n<p>\u201cEn el 2016 se cumplieron las metas trazadas en el plan de desarrollo, beneficiando a la poblaci\u00f3n m\u00e1s vulnerable de la Localidad Hist\u00f3rica y del Caribe Norte. Para destacar el a\u00f1o anterior, se desarrollaron capacitaciones en diversos temas como salud, cultura, deporte, educaci\u00f3n, ciudad y otros, cumpliendo con lo proyectado en el objetivo: Superar la desigualdad\u201d.<\/p>\n<p>As\u00ed mismo, destac\u00f3 que en lo que tiene que ver con\u00a0el objetivo estrat\u00e9gico \u201cAdaptar el Territorio para la gente\u201d, se invirti\u00f3 en el desarrollo de programas de emprendimiento y formaci\u00f3n; y en el objetivo \u201cConstruir Ciudadan\u00eda y Fortalecer la Institucionalidad\u201d, se mostr\u00f3 la transparencia en la gesti\u00f3n p\u00fablica. En fin, en 2016 se desarrollaron muchas actividades que involucraron siempre a la gente, destac\u00e1ndose \u201cPrimero las islas, primero la gente!, donde se llev\u00f3 diversi\u00f3n a los ni\u00f1os y adultos de la zona insular y, adem\u00e1s, se entregaron regalos. En esta localidad tambi\u00e9n se desarrollaron obras que solicit\u00f3 la comunidad durante el 2016.<\/p>\n<p>El alcalde saliente dijo que es evidente que la Localidad Hist\u00f3rica y del Caribe Norte\u00a0presenta unas condiciones socioecon\u00f3micas de mucha desigualdad debido a que existen estratos muy altos y muy bajos, a ra\u00edz de esta inequidad la Alcald\u00eda Local 1 tiene compromisos para superar esta dificultad, a trav\u00e9s de la inversi\u00f3n social, cumpliendo con los objetivos contenidos en el plan de desarrollo \u201cPrimero la Gente por una Localidad Hist\u00f3rica y del Caribe Norte Sostenible, competitiva e incluyente 2016-2019\u201d.<\/p>\n<p>\u201cHoy ciertamente reconozco que ser Alcalde Local, ha sido una de las mejores experiencias de mi vida laboral y, sin lugar a equ\u00edvocos, fue trabajar por nuestra localidad durante el gobierno de \u201cPrimero La Gente\u201d. Con mucho dolor me toca despedirme de esta administraci\u00f3n, con la satisfacci\u00f3n de haber trabajado por las comunidades de las seis unidades comuneras. \u00a1Gracias!\u201d.<\/p>\n<p>La presentaci\u00f3n del informe de gesti\u00f3n se cumpli\u00f3 en la Instituci\u00f3n Educativa Ana Mar\u00eda V\u00e9lez de Trujillo, localizada en el barrio Santa Rita.<\/p>\n<p>Algunos l\u00edderes destacaron la gesti\u00f3n del Jaramillo Mart\u00ednez y pidieron al alcalde, Manuel Vicente Duque, escoja a una persona con calidades humanas y que conozca la localidad.<\/p>\n<p>&nbsp;<\/p>\n","protected":false},"excerpt":{"rendered":"<p>Ante centenares de l\u00edderes c\u00edvicos, comunales, independientes, hombres y mujeres comunes y corrientes, Javier Enrique Jaramillo Mart\u00ednez, alcalde de la Localidad Hist\u00f3rica y del Caribe Norte, present\u00f3 un informe de gesti\u00f3n del a\u00f1o 2016, destac\u00e1ndose la inversi\u00f3n social y la atenci\u00f3n a los j\u00f3venes en riesgo, sin dejar de lado el trabajo por la recuperaci\u00f3n de m\u00e1s de 15 kil\u00f3metros de espacio p\u00fablico, controles a establecimiento y realizaci\u00f3n de importantes obras. Javier Jaramillo, alcalde saliente de la Localidad Hist\u00f3rica y del Caribe Norte, precis\u00f3 que lo que la gente de&#8230; <\/p>\n","protected":false},"author":3,"featured_media":19429,"comment_status":"open","ping_status":"closed","sticky":false,"template":"","format":"standard","meta":{"footnotes":"","_links_to":"","_links_to_target":""},"categories":[32,75],"tags":[],"class_list":["post-19426","post","type-post","status-publish","format-standard","has-post-thumbnail","hentry","category-actualidad-distrito","category-destacada"],"_links":{"self":[{"href":"https:\/\/revistazetta.com\/index.php?rest_route=\/wp\/v2\/posts\/19426","targetHints":{"allow":["GET"]}}],"collection":[{"href":"https:\/\/revistazetta.com\/index.php?rest_route=\/wp\/v2\/posts"}],"about":[{"href":"https:\/\/revistazetta.com\/index.php?rest_route=\/wp\/v2\/types\/post"}],"author":[{"embeddable":true,"href":"https:\/\/revistazetta.com\/index.php?rest_route=\/wp\/v2\/users\/3"}],"replies":[{"embeddable":true,"href":"https:\/\/revistazetta.com\/index.php?rest_route=%2Fwp%2Fv2%2Fcomments&post=19426"}],"version-history":[{"count":0,"href":"https:\/\/revistazetta.com\/index.php?rest_route=\/wp\/v2\/posts\/19426\/revisions"}],"wp:featuredmedia":[{"embeddable":true,"href":"https:\/\/revistazetta.com\/index.php?rest_route=\/wp\/v2\/media\/19429"}],"wp:attachment":[{"href":"https:\/\/revistazetta.com\/index.php?rest_route=%2Fwp%2Fv2%2Fmedia&parent=19426"}],"wp:term":[{"taxonomy":"category","embeddable":true,"href":"https:\/\/revistazetta.com\/index.php?rest_route=%2Fwp%2Fv2%2Fcategories&post=19426"},{"taxonomy":"post_tag","embeddable":true,"href":"https:\/\/revistazetta.com\/index.php?rest_route=%2Fwp%2Fv2%2Ftags&post=19426"}],"curies":[{"name":"wp","href":"https:\/\/api.w.org\/{rel}","templated":true}]}}