{"id":19435,"date":"2017-03-09T22:50:40","date_gmt":"2017-03-10T03:50:40","guid":{"rendered":"http:\/\/www.revistazetta.com\/?p=19435"},"modified":"2017-03-09T23:00:06","modified_gmt":"2017-03-10T04:00:06","slug":"energia-del-sabor-electricaribe-capacita-22-madres-cabeza-familia-cartagena","status":"publish","type":"post","link":"https:\/\/revistazetta.com\/?p=19435","title":{"rendered":"\u00abEnerg\u00eda del Sabor\u00bb de Electricaribe capacita a 22 madres cabeza de familia de Cartagena"},"content":{"rendered":"<p>El programa \u2018Energ\u00eda del Sabor\u2019 de Electricaribe comenz\u00f3 a capacitar a 22 madres cabezas de familia de los barrios Villa Hermosa y Nelson Mandela sector Los Trupillos para \u201cperfeccionar\u201d sus habilidades gastron\u00f3micas y brindarles herramientas necesarias para que las madres cabeza de familia puedan generar empleos genuinos y sostenibles.<\/p>\n<p>Los beneficiarios del \u2018Curso de Emprendimiento y Proyecto Productivo en Cocina\u2019 recibiran capacitaci\u00f3n sobre manipulaci\u00f3n de alimentos, comidas regionales y emprendimiento laboral.<\/p>\n<p>El programa, liderado por el \u00e1rea de Responsabilidad Corporativa de Electricaribe, cuenta con el apoyo de la firma Gente Estrat\u00e9gica que aportar\u00e1 los instructotores y personal especializado en el tema.<br \/>\nEl curso tendr\u00e1 una intensidad de 47 horas distribuidas en 9 semanas y se replicar\u00e1 en otros departamentos donde la empresa presta el servicio de energ\u00eda el\u00e9ctrica.<\/p>\n","protected":false},"excerpt":{"rendered":"<p>El programa \u2018Energ\u00eda del Sabor\u2019 de Electricaribe comenz\u00f3 a capacitar a 22 madres cabezas de familia de los barrios Villa Hermosa y Nelson Mandela sector Los Trupillos para \u201cperfeccionar\u201d sus habilidades gastron\u00f3micas y brindarles herramientas necesarias para que las madres cabeza de familia puedan generar empleos genuinos y sostenibles. Los beneficiarios del \u2018Curso de Emprendimiento y Proyecto Productivo en Cocina\u2019 recibiran capacitaci\u00f3n sobre manipulaci\u00f3n de alimentos, comidas regionales y emprendimiento laboral. El programa, liderado por el \u00e1rea de Responsabilidad Corporativa de Electricaribe, cuenta con el apoyo de la firma Gente&#8230; <\/p>\n","protected":false},"author":3,"featured_media":19438,"comment_status":"open","ping_status":"closed","sticky":false,"template":"","format":"standard","meta":{"footnotes":"","_links_to":"","_links_to_target":""},"categories":[2],"tags":[],"class_list":["post-19435","post","type-post","status-publish","format-standard","has-post-thumbnail","hentry","category-actualidad"],"_links":{"self":[{"href":"https:\/\/revistazetta.com\/index.php?rest_route=\/wp\/v2\/posts\/19435","targetHints":{"allow":["GET"]}}],"collection":[{"href":"https:\/\/revistazetta.com\/index.php?rest_route=\/wp\/v2\/posts"}],"about":[{"href":"https:\/\/revistazetta.com\/index.php?rest_route=\/wp\/v2\/types\/post"}],"author":[{"embeddable":true,"href":"https:\/\/revistazetta.com\/index.php?rest_route=\/wp\/v2\/users\/3"}],"replies":[{"embeddable":true,"href":"https:\/\/revistazetta.com\/index.php?rest_route=%2Fwp%2Fv2%2Fcomments&post=19435"}],"version-history":[{"count":0,"href":"https:\/\/revistazetta.com\/index.php?rest_route=\/wp\/v2\/posts\/19435\/revisions"}],"wp:featuredmedia":[{"embeddable":true,"href":"https:\/\/revistazetta.com\/index.php?rest_route=\/wp\/v2\/media\/19438"}],"wp:attachment":[{"href":"https:\/\/revistazetta.com\/index.php?rest_route=%2Fwp%2Fv2%2Fmedia&parent=19435"}],"wp:term":[{"taxonomy":"category","embeddable":true,"href":"https:\/\/revistazetta.com\/index.php?rest_route=%2Fwp%2Fv2%2Fcategories&post=19435"},{"taxonomy":"post_tag","embeddable":true,"href":"https:\/\/revistazetta.com\/index.php?rest_route=%2Fwp%2Fv2%2Ftags&post=19435"}],"curies":[{"name":"wp","href":"https:\/\/api.w.org\/{rel}","templated":true}]}}