{"id":19452,"date":"2017-03-09T23:07:41","date_gmt":"2017-03-10T04:07:41","guid":{"rendered":"http:\/\/www.revistazetta.com\/?p=19452"},"modified":"2017-03-09T23:07:41","modified_gmt":"2017-03-10T04:07:41","slug":"ninos-cancer-reciben-apoyo-del-boxeo-mundial","status":"publish","type":"post","link":"https:\/\/revistazetta.com\/?p=19452","title":{"rendered":"Ni\u00f1os con c\u00e1ncer reciben apoyo del boxeo mundial"},"content":{"rendered":"<p>La Organizaci\u00f3n Mundial de Boxeo \u2013 WBO por sus siglas en ingl\u00e9s- entreg\u00f3 una donaci\u00f3n de cinco mil d\u00f3lares para respaldar la labor que adelanta la fundaci\u00f3n Funvivir a favor de los ni\u00f1os con c\u00e1ncer.<\/p>\n<p>Por segundo a\u00f1o consecutivo, Francisco \u201cPaco\u201d Valc\u00e1rcel, presidente de la OMB, visit\u00f3 a Cartagena para hacer efectiva la donaci\u00f3n, en contexto de la iniciativa que lidera la entidad deportiva en m\u00e1s de 35 pa\u00edses alrededor del mundo donde ayudan espec\u00edficamente a instituciones que lo necesitan.<\/p>\n<p>La Fundaci\u00f3n Ay\u00fadame a Vivir (Funvivir) es una entidad sin \u00e1nimo de lucro, que naci\u00f3 en 2006 y funciona como hogar que alberga a la poblaci\u00f3n infantil que padece de c\u00e1ncer y es de bajos recursos en la regi\u00f3n Caribe. En su sede, ubicada en el barrio Zaragocilla, a pocos metros del Hospital Universitario del Caribe, son recibidos ni\u00f1os que sufren esta lamentable enfermedad, en compa\u00f1\u00eda de sus acudientes y se les brinda la atenci\u00f3n pertinente, en los momentos que los pacientes no cumplen con citas m\u00e9dicas.<\/p>\n<p>Francisco Valc\u00e1rcel manifest\u00f3 que \u201calguna vez una monjita en Puerto Rico me dijo que el que tiene debe dar, que quien no da no recibe, y eso me marc\u00f3 tanto que lo traslad\u00e9 a la Organizaci\u00f3n, y desde entonces nos hemos esmerado por ayudar a estas instituciones que tienen un bonito prop\u00f3sito pero que quiz\u00e1 necesitan una colaboraci\u00f3n.<\/p>\n<p>Por su parte, el pediatra Jaime Trucco Lemaitre, presidente de Funvivir, anot\u00f3 que \u201cnosotros albergamos a ni\u00f1os de bajos recursos que tienen c\u00e1ncer. En su mayor\u00eda vienen de municipios aleda\u00f1os a hacerse los tratamientos a la \u2018Casa del Ni\u00f1o\u2019 y como sabemos que no pueden ir y venir nosotros los acogemos por el tiempo necesario, y les brindamos la ayuda y la atenci\u00f3n pertinente (\u2026) Ya se ha vuelto un trabajo mancomunado entre el Hospital Infantil Napole\u00f3n Franco Pareja y Funvivir, donde complementamos la atenci\u00f3n a los pacientes\u201d, prestar apoyo psicosocial, nutricional, econ\u00f3mico y jur\u00eddico para el desarrollo integral del ni\u00f1o y su acompa\u00f1ante; orientar a los padres de familia sobre la enfermedad de sus hijos y el manejo integral de estos pacientes, son algunos de los objetivos de esta Fundaci\u00f3n.<\/p>\n<p>Al acto, realizado en el Sal\u00f3n de Conferencias Melanio Porto Ariza de Iderbol, asistieron el promotor puertorrique\u00f1o F\u00e9lix \u201cTutico\u201d Zabala, el eterno dirigente del boxeo Alfonso M\u00fanera Cabas, el concejal y gestor deportivo Rafael Meza.<\/p>\n<p>Previo a la entrega simb\u00f3lica de la donaci\u00f3n, algunos de los ni\u00f1os cobijados por Funvivir contaron sus testimonios y agradecieron el apoyo al presidente de la Organizaci\u00f3n Mundial de Boxeo, quien de inmediato se comprometi\u00f3 con otra ayuda econ\u00f3mica para el a\u00f1o entrante.<\/p>\n<p>\u201c\u00bfEn que se parecen estas fundaciones con el boxeo? En que al igual que la mayor\u00eda de pugilistas, estos ni\u00f1os vienen de familias m\u00e1s desventajadas, y alg\u00fan d\u00eda los pegadores necesitaron una ayuda para ganar un combate, y estos ni\u00f1os necesitan ganar la pelea m\u00e1s importante de sus vidas. Por eso desde ya les garantiz\u00f3 otra donaci\u00f3n para el pr\u00f3ximo a\u00f1o\u201d, concluy\u00f3 \u201cPaco\u201d Valc\u00e1rcel.<\/p>\n","protected":false},"excerpt":{"rendered":"<p>La Organizaci\u00f3n Mundial de Boxeo \u2013 WBO por sus siglas en ingl\u00e9s- entreg\u00f3 una donaci\u00f3n de cinco mil d\u00f3lares para respaldar la labor que adelanta la fundaci\u00f3n Funvivir a favor de los ni\u00f1os con c\u00e1ncer. Por segundo a\u00f1o consecutivo, Francisco \u201cPaco\u201d Valc\u00e1rcel, presidente de la OMB, visit\u00f3 a Cartagena para hacer efectiva la donaci\u00f3n, en contexto de la iniciativa que lidera la entidad deportiva en m\u00e1s de 35 pa\u00edses alrededor del mundo donde ayudan espec\u00edficamente a instituciones que lo necesitan. La Fundaci\u00f3n Ay\u00fadame a Vivir (Funvivir) es una entidad sin&#8230; <\/p>\n","protected":false},"author":3,"featured_media":19450,"comment_status":"open","ping_status":"closed","sticky":false,"template":"","format":"standard","meta":{"footnotes":"","_links_to":"","_links_to_target":""},"categories":[2],"tags":[],"class_list":["post-19452","post","type-post","status-publish","format-standard","has-post-thumbnail","hentry","category-actualidad"],"_links":{"self":[{"href":"https:\/\/revistazetta.com\/index.php?rest_route=\/wp\/v2\/posts\/19452","targetHints":{"allow":["GET"]}}],"collection":[{"href":"https:\/\/revistazetta.com\/index.php?rest_route=\/wp\/v2\/posts"}],"about":[{"href":"https:\/\/revistazetta.com\/index.php?rest_route=\/wp\/v2\/types\/post"}],"author":[{"embeddable":true,"href":"https:\/\/revistazetta.com\/index.php?rest_route=\/wp\/v2\/users\/3"}],"replies":[{"embeddable":true,"href":"https:\/\/revistazetta.com\/index.php?rest_route=%2Fwp%2Fv2%2Fcomments&post=19452"}],"version-history":[{"count":0,"href":"https:\/\/revistazetta.com\/index.php?rest_route=\/wp\/v2\/posts\/19452\/revisions"}],"wp:featuredmedia":[{"embeddable":true,"href":"https:\/\/revistazetta.com\/index.php?rest_route=\/wp\/v2\/media\/19450"}],"wp:attachment":[{"href":"https:\/\/revistazetta.com\/index.php?rest_route=%2Fwp%2Fv2%2Fmedia&parent=19452"}],"wp:term":[{"taxonomy":"category","embeddable":true,"href":"https:\/\/revistazetta.com\/index.php?rest_route=%2Fwp%2Fv2%2Fcategories&post=19452"},{"taxonomy":"post_tag","embeddable":true,"href":"https:\/\/revistazetta.com\/index.php?rest_route=%2Fwp%2Fv2%2Ftags&post=19452"}],"curies":[{"name":"wp","href":"https:\/\/api.w.org\/{rel}","templated":true}]}}