{"id":19456,"date":"2017-03-09T23:18:56","date_gmt":"2017-03-10T04:18:56","guid":{"rendered":"http:\/\/www.revistazetta.com\/?p=19456"},"modified":"2017-03-09T23:32:07","modified_gmt":"2017-03-10T04:32:07","slug":"19456","status":"publish","type":"post","link":"https:\/\/revistazetta.com\/?p=19456","title":{"rendered":"Bol\u00edvar crea red de apoyo para prevenir violencia de g\u00e9nero"},"content":{"rendered":"<p><img loading=\"lazy\" decoding=\"async\" class=\"alignright size-medium wp-image-19463\" src=\"https:\/\/www.revistazetta.com\/wp-content\/uploads\/2017\/03\/IMG-20170308-WA0089-300x188.jpg\" alt=\"IMG-20170308-WA0089\" width=\"300\" height=\"188\" srcset=\"https:\/\/revistazetta.com\/wp-content\/uploads\/2017\/03\/IMG-20170308-WA0089-300x188.jpg 300w, https:\/\/revistazetta.com\/wp-content\/uploads\/2017\/03\/IMG-20170308-WA0089-234x146.jpg 234w, https:\/\/revistazetta.com\/wp-content\/uploads\/2017\/03\/IMG-20170308-WA0089-50x31.jpg 50w, https:\/\/revistazetta.com\/wp-content\/uploads\/2017\/03\/IMG-20170308-WA0089-120x75.jpg 120w, https:\/\/revistazetta.com\/wp-content\/uploads\/2017\/03\/IMG-20170308-WA0089.jpg 800w\" sizes=\"auto, (max-width: 300px) 100vw, 300px\" \/>Una red de apoyo en todos los municipios de Bol\u00edvar para prevenir y denunciar la violencia de g\u00e9nero puso en marcha la primera dama del Departamento, Liliana Majana de Turbay.<\/p>\n<p>Al celebrar el D\u00eda Internacional de la Mujer, la gestora social indic\u00f3 que \u201cle doy gracias a Dios por permitirnos compartir con todas las mujeres bolivarenses en este inolvidable momento. Mujer bolivarense no est\u00e1s sola. Cuentas con esta servidora. Desde este espacio les digo que no habr\u00e1\u00a0 m\u00e1s violencia de g\u00e9nero en nuestro departamento. Crearemos una gran red de apoyo para protegerlas a todas\u201d.<\/p>\n<p>El anuncio lo hizo este mi\u00e9rcoles ante cientos de mujeres bolivarenses que se dieron cita en el Teatro Adolfo Mej\u00eda de Cartagena para conmemorar junto al gobierno del Bol\u00edvar S\u00ed Avanza el d\u00eda Internacional de la Mujer, en el marco de la campa\u00f1a \u201cCuentas Conmigo\u201d, dise\u00f1ada y organizada por la direcci\u00f3n de Desarrollo Social.<\/p>\n<p><img loading=\"lazy\" decoding=\"async\" class=\"alignright size-medium wp-image-19464\" src=\"https:\/\/www.revistazetta.com\/wp-content\/uploads\/2017\/03\/IMG-20170308-WA0114-300x188.jpg\" alt=\"IMG-20170308-WA0114\" width=\"300\" height=\"188\" srcset=\"https:\/\/revistazetta.com\/wp-content\/uploads\/2017\/03\/IMG-20170308-WA0114-300x188.jpg 300w, https:\/\/revistazetta.com\/wp-content\/uploads\/2017\/03\/IMG-20170308-WA0114-234x146.jpg 234w, https:\/\/revistazetta.com\/wp-content\/uploads\/2017\/03\/IMG-20170308-WA0114-50x31.jpg 50w, https:\/\/revistazetta.com\/wp-content\/uploads\/2017\/03\/IMG-20170308-WA0114-120x75.jpg 120w, https:\/\/revistazetta.com\/wp-content\/uploads\/2017\/03\/IMG-20170308-WA0114.jpg 800w\" sizes=\"auto, (max-width: 300px) 100vw, 300px\" \/>El evento registr\u00f3\u00a0un conversatorio liderado por Dumek Turbay, gobernador de Bol\u00edvar, en el que participaron cuatro mujeres emprendedoras tanto de la regi\u00f3n Caribe como del pa\u00eds: Jercy Puello, multicampeona de patinaje; Arlena Hoyos, creadora de la Fundaci\u00f3n Dones de Misericordia; Mila Vargas, propietaria de la reconocida pasteler\u00eda Mila; y Adriana Luc\u00eda, cantante cordobesa con 19 a\u00f1os de trayectoria musical.<\/p>\n<p>\u201cPara m\u00ed la mujeres bolivarenses son luchadoras, guerreras y capaces de hacer todo lo que se propongan\u201d, expres\u00f3 Jercy Puello, deportista reconocida y campeona mundial de patinaje.<\/p>\n<p>El cierre de esta jornada estuvo a cargo de Alejandra Azc\u00e1rate con su comedia \u201cDesc\u00e1rate con la Azc\u00e1rate\u201d y la presentaci\u00f3n de la cantante Adriana Luc\u00eda. \u201cHoy conmemoramos esta importante fecha con grandes mujeres que son s\u00edmbolo de liderazgo, talento y sensibilidad social\u201d, concluy\u00f3 el gobernador de Bol\u00edvar Dumek Turbay.<\/p>\n<p><img loading=\"lazy\" decoding=\"async\" class=\"alignright size-medium wp-image-19462\" src=\"https:\/\/www.revistazetta.com\/wp-content\/uploads\/2017\/03\/IMG-20170308-WA0073-300x188.jpg\" alt=\"IMG-20170308-WA0073\" width=\"300\" height=\"188\" \/> <img loading=\"lazy\" decoding=\"async\" class=\"alignright size-medium wp-image-19461\" src=\"https:\/\/www.revistazetta.com\/wp-content\/uploads\/2017\/03\/IMG-20170308-WA0065-300x188.jpg\" alt=\"IMG-20170308-WA0065\" width=\"300\" height=\"188\" srcset=\"https:\/\/revistazetta.com\/wp-content\/uploads\/2017\/03\/IMG-20170308-WA0065-300x188.jpg 300w, https:\/\/revistazetta.com\/wp-content\/uploads\/2017\/03\/IMG-20170308-WA0065-234x146.jpg 234w, https:\/\/revistazetta.com\/wp-content\/uploads\/2017\/03\/IMG-20170308-WA0065-50x31.jpg 50w, https:\/\/revistazetta.com\/wp-content\/uploads\/2017\/03\/IMG-20170308-WA0065-120x75.jpg 120w, https:\/\/revistazetta.com\/wp-content\/uploads\/2017\/03\/IMG-20170308-WA0065.jpg 800w\" sizes=\"auto, (max-width: 300px) 100vw, 300px\" \/> <img loading=\"lazy\" decoding=\"async\" class=\"alignright size-medium wp-image-19460\" src=\"https:\/\/www.revistazetta.com\/wp-content\/uploads\/2017\/03\/IMG-20170308-WA0063-300x188.jpg\" alt=\"IMG-20170308-WA0063\" width=\"300\" height=\"188\" \/> <img loading=\"lazy\" decoding=\"async\" class=\"alignright size-medium wp-image-19459\" src=\"https:\/\/www.revistazetta.com\/wp-content\/uploads\/2017\/03\/IMG-20170308-WA0062-300x188.jpg\" alt=\"IMG-20170308-WA0062\" width=\"300\" height=\"188\" srcset=\"https:\/\/revistazetta.com\/wp-content\/uploads\/2017\/03\/IMG-20170308-WA0062-300x188.jpg 300w, https:\/\/revistazetta.com\/wp-content\/uploads\/2017\/03\/IMG-20170308-WA0062-234x146.jpg 234w, https:\/\/revistazetta.com\/wp-content\/uploads\/2017\/03\/IMG-20170308-WA0062-50x31.jpg 50w, https:\/\/revistazetta.com\/wp-content\/uploads\/2017\/03\/IMG-20170308-WA0062-120x75.jpg 120w, https:\/\/revistazetta.com\/wp-content\/uploads\/2017\/03\/IMG-20170308-WA0062.jpg 800w\" sizes=\"auto, (max-width: 300px) 100vw, 300px\" \/><\/p>\n","protected":false},"excerpt":{"rendered":"<p>Una red de apoyo en todos los municipios de Bol\u00edvar para prevenir y denunciar la violencia de g\u00e9nero puso en marcha la primera dama del Departamento, Liliana Majana de Turbay. Al celebrar el D\u00eda Internacional de la Mujer, la gestora social indic\u00f3 que \u201cle doy gracias a Dios por permitirnos compartir con todas las mujeres bolivarenses en este inolvidable momento. Mujer bolivarense no est\u00e1s sola. Cuentas con esta servidora. Desde este espacio les digo que no habr\u00e1\u00a0 m\u00e1s violencia de g\u00e9nero en nuestro departamento. Crearemos una gran red de apoyo&#8230; <\/p>\n","protected":false},"author":3,"featured_media":19457,"comment_status":"open","ping_status":"closed","sticky":false,"template":"","format":"standard","meta":{"footnotes":"","_links_to":"","_links_to_target":""},"categories":[80,33,75],"tags":[],"class_list":["post-19456","post","type-post","status-publish","format-standard","has-post-thumbnail","hentry","category-region","category-actualidad-bolivar","category-destacada"],"_links":{"self":[{"href":"https:\/\/revistazetta.com\/index.php?rest_route=\/wp\/v2\/posts\/19456","targetHints":{"allow":["GET"]}}],"collection":[{"href":"https:\/\/revistazetta.com\/index.php?rest_route=\/wp\/v2\/posts"}],"about":[{"href":"https:\/\/revistazetta.com\/index.php?rest_route=\/wp\/v2\/types\/post"}],"author":[{"embeddable":true,"href":"https:\/\/revistazetta.com\/index.php?rest_route=\/wp\/v2\/users\/3"}],"replies":[{"embeddable":true,"href":"https:\/\/revistazetta.com\/index.php?rest_route=%2Fwp%2Fv2%2Fcomments&post=19456"}],"version-history":[{"count":0,"href":"https:\/\/revistazetta.com\/index.php?rest_route=\/wp\/v2\/posts\/19456\/revisions"}],"wp:featuredmedia":[{"embeddable":true,"href":"https:\/\/revistazetta.com\/index.php?rest_route=\/wp\/v2\/media\/19457"}],"wp:attachment":[{"href":"https:\/\/revistazetta.com\/index.php?rest_route=%2Fwp%2Fv2%2Fmedia&parent=19456"}],"wp:term":[{"taxonomy":"category","embeddable":true,"href":"https:\/\/revistazetta.com\/index.php?rest_route=%2Fwp%2Fv2%2Fcategories&post=19456"},{"taxonomy":"post_tag","embeddable":true,"href":"https:\/\/revistazetta.com\/index.php?rest_route=%2Fwp%2Fv2%2Ftags&post=19456"}],"curies":[{"name":"wp","href":"https:\/\/api.w.org\/{rel}","templated":true}]}}