{"id":19475,"date":"2017-03-10T00:16:36","date_gmt":"2017-03-10T05:16:36","guid":{"rendered":"http:\/\/www.revistazetta.com\/?p=19475"},"modified":"2017-03-10T00:16:49","modified_gmt":"2017-03-10T05:16:49","slug":"primero-la-ciudad-opinion-erich-pina-felix","status":"publish","type":"post","link":"https:\/\/revistazetta.com\/?p=19475","title":{"rendered":"Primero la ciudad &#8211; Opini\u00f3n de Erich Pi\u00f1a F\u00e9liz"},"content":{"rendered":"<p><strong><span style=\"color: #0000ff;\">Por Erich Pi\u00f1a\u00a0F\u00e9liz (Concejal de Cartagena &#8211; Especial para Revista Zetta).-<\/span><\/strong>\u00a0Las \u00faltimas noticias del seguimiento que le hacen los medios de comunicaci\u00f3n a la recolecci\u00f3n de firma para la revocatoria del mandato del alcalde Manolo Duque, indican que se han recolectado un n\u00famero significativo de firmas de ciudadanos que est\u00e1n manifestando su voluntad en este sentido. Seg\u00fan nos informan si todas esas firmas fueran v\u00e1lidas; ya se habr\u00eda alcanzado el n\u00famero requerido seg\u00fan los procedimientos legales que establece la normatividad en este sentido. Sin embargo cabe preguntarnos si pese a la voluntad de todas esas personas que han firmado, revocar el mandato del alcalde es lo que le conviene a la ciudad? Est\u00e1 primero la ciudad en los intereses de quienes est\u00e1n promoviendo la revocatoria?<\/p>\n<p>Si bien es cierto Cartagena requiere intervenci\u00f3n en muchos aspectos como seguridad, movilidad y atenci\u00f3n a la pobreza; son muchos los avances que se han dado y muchos los proyectos y macroproyectos que se han iniciado, los cuales por su complejidad necesitan que todos los habitantes de esta ciudad, que todos los que queremos que Cartagena avance, estemos remando para el mismo lado; y como lo he dicho en ocasiones anteriores, m\u00e1s all\u00e1 de los \u00edndices de favorabilidad, m\u00e1s all\u00e1 de la afinidad con el estilo del alcalde, tenemos un alcalde elegido legitima y legalmente por una mayor\u00eda significativa de votos de cartageneros que manifestaron dentro de la democracia su deseo de que \u00e9l fuera la persona que rigiera los destinos de la ciudad en el periodo que nos ocupa. Adem\u00e1s de esta consideraci\u00f3n, Manolo y la administraci\u00f3n han avanzado en la formulaci\u00f3n de un Plan de Desarrollo pertinente que sin desconocer, ni abandonar los logros de las administraciones anteriores para culminar obras y proyectos pendientes; han avanzado hacia la ejecuci\u00f3n de proyectos necesarios para la ciudad y de los que se viene hablando incluso desde d\u00e9cadas atr\u00e1s.<\/p>\n<p>Dar los pasos iniciales y no improvisar en temas como el Plan Maestro de Drenajes Pluviales, asegurando sus recursos; ejecutar el Plan 4C d\u00e1ndole continuidad a lo formulado en gobiernos pasados; asegurar el traslado de la Base Naval para el desarrollo urban\u00edstico de la zona hoy ocupada; defender lo establecido en el POT y enfocarse en la formulaci\u00f3n de un POT moderno adecuado a las necesidades actuales; todos son pasos dados en la direcci\u00f3n correcta y que se ver\u00e1n reflejados en resultados y bienestar no en el corto plazo, por lo que debemos tener paciencia y reitero remar para el mismo lado.<\/p>\n<p>En el caso de que surtidos todos los tramites la revocatoria avance, implicar\u00eda sumir a Cartagena en nuevos procesos electorales, en saltos al vac\u00edo, en nuevas curvas de aprendizaje y perder lo andado y avanzado sin ninguna garant\u00eda de que lo que se logre sea mejor y m\u00e1s conveniente para la ciudad. En consonancia con lo que han planteado algunos colegas concejales, invitemos a los ciudadanos en pensar Primero la Ciudad y no intereses ajenos a ella.<\/p>\n<p>&nbsp;<\/p>\n<p><strong>ERICH PI\u00d1A FELIZ<\/strong><\/p>\n<p>Concejal de Cartagena<\/p>\n","protected":false},"excerpt":{"rendered":"<p>Por Erich Pi\u00f1a\u00a0F\u00e9liz (Concejal de Cartagena &#8211; Especial para Revista Zetta).-\u00a0Las \u00faltimas noticias del seguimiento que le hacen los medios de comunicaci\u00f3n a la recolecci\u00f3n de firma para la revocatoria del mandato del alcalde Manolo Duque, indican que se han recolectado un n\u00famero significativo de firmas de ciudadanos que est\u00e1n manifestando su voluntad en este sentido. Seg\u00fan nos informan si todas esas firmas fueran v\u00e1lidas; ya se habr\u00eda alcanzado el n\u00famero requerido seg\u00fan los procedimientos legales que establece la normatividad en este sentido. Sin embargo cabe preguntarnos si pese a&#8230; <\/p>\n","protected":false},"author":3,"featured_media":19476,"comment_status":"open","ping_status":"closed","sticky":false,"template":"","format":"standard","meta":{"footnotes":"","_links_to":"","_links_to_target":""},"categories":[75,44,65],"tags":[],"class_list":["post-19475","post","type-post","status-publish","format-standard","has-post-thumbnail","hentry","category-destacada","category-materiagris","category-opinion"],"_links":{"self":[{"href":"https:\/\/revistazetta.com\/index.php?rest_route=\/wp\/v2\/posts\/19475","targetHints":{"allow":["GET"]}}],"collection":[{"href":"https:\/\/revistazetta.com\/index.php?rest_route=\/wp\/v2\/posts"}],"about":[{"href":"https:\/\/revistazetta.com\/index.php?rest_route=\/wp\/v2\/types\/post"}],"author":[{"embeddable":true,"href":"https:\/\/revistazetta.com\/index.php?rest_route=\/wp\/v2\/users\/3"}],"replies":[{"embeddable":true,"href":"https:\/\/revistazetta.com\/index.php?rest_route=%2Fwp%2Fv2%2Fcomments&post=19475"}],"version-history":[{"count":0,"href":"https:\/\/revistazetta.com\/index.php?rest_route=\/wp\/v2\/posts\/19475\/revisions"}],"wp:featuredmedia":[{"embeddable":true,"href":"https:\/\/revistazetta.com\/index.php?rest_route=\/wp\/v2\/media\/19476"}],"wp:attachment":[{"href":"https:\/\/revistazetta.com\/index.php?rest_route=%2Fwp%2Fv2%2Fmedia&parent=19475"}],"wp:term":[{"taxonomy":"category","embeddable":true,"href":"https:\/\/revistazetta.com\/index.php?rest_route=%2Fwp%2Fv2%2Fcategories&post=19475"},{"taxonomy":"post_tag","embeddable":true,"href":"https:\/\/revistazetta.com\/index.php?rest_route=%2Fwp%2Fv2%2Ftags&post=19475"}],"curies":[{"name":"wp","href":"https:\/\/api.w.org\/{rel}","templated":true}]}}